{"id":2933,"date":"2025-05-03T19:08:26","date_gmt":"2025-05-03T18:08:26","guid":{"rendered":"https:\/\/migjeni.se\/?p=2933"},"modified":"2025-05-03T19:08:29","modified_gmt":"2025-05-03T18:08:29","slug":"e-shtuna-poetike-me-elvira-zeneli","status":"publish","type":"post","link":"https:\/\/migjeni.se\/index.php\/2025\/05\/03\/e-shtuna-poetike-me-elvira-zeneli\/","title":{"rendered":"E shtuna poetike me Elvira Zeneli"},"content":{"rendered":"<p>Elvira Zeneli<\/p>\n<p>STIN\u00cb PA STIN\u00cb<\/p>\n<p>N\u00eb stin\u00eb pa stin\u00eb trokite n\u00eb port\u00ebn plot ylber<br \/>\nSa po ishte mbushur me nuanca ngjyrash tulipan,<br \/>\nReve t\u00eb r\u00ebnduara mes shiut dhe rrebeshit u shk\u00eblqeu fytyra,<br \/>\np\u00ebrderisa dielli rr\u00ebzelliu syrin kur pran\u00eb t&#8217;u afrova.<\/p>\n<p>Jam grua e fort\u00eb si lisi i fuqish\u00ebm me rr\u00ebnj\u00eb t\u00eb thella q\u00eb nuk rr\u00ebzohet jo,<br \/>\nAs gjethe e zverdhur vjeshte nuk jam,<br \/>\nNuk i dor\u00ebzohem jet\u00ebs dhe kur trishtimi m\u00eb mundon n\u00eb shpirt,<br \/>\nUn\u00eb g\u00ebzoj edhe p\u00ebr nj\u00eb pik\u00eb shiu q\u00ea vjen dhe ulet n\u00eb petalen e etur,<br \/>\nQesh, dhe loti m\u00eb largohet nga syt\u00eb e p\u00ebrlotur<br \/>\nNat\u00ebs s\u00eb err\u00ebt qielli shndrit nga yjet e ndezur,<br \/>\nGjersa vesa lotuese shk\u00eblqen mbi moll\u00ebzat e faqeve t\u00eb mia.<\/p>\n<p>N\u00eb net\u00ebt e gjata kur shiu trokiste si i marr\u00eb dritareve<br \/>\n\u00cbndrrat tona u zgjuan mes zjarrit t\u00eb ndezur prush,<br \/>\nFlladi frynte e ledhatohej mbi buz\u00ebt flak\u00eb<br \/>\nU zhyt\u00ebm n\u00eb dallg\u00ebt e fuqishme mes shk\u00ebmbinjve deri n\u00eb agim,<br \/>\nAshtu larg syrit t\u00eb tret\u00eb, larg zhelozis\u00eb,<br \/>\nT\u00eb etur p\u00ebr nj\u00ebri-tjetrin pam\u00eb rrezet e diellit n&#8217;shk\u00eblqim..<\/p>\n","protected":false},"excerpt":{"rendered":"<p>Elvira Zeneli STIN\u00cb PA STIN\u00cb N\u00eb stin\u00eb pa stin\u00eb trokite n\u00eb port\u00ebn plot ylber Sa po ishte mbushur me nuanca ngjyrash tulipan, Reve t\u00eb r\u00ebnduara mes shiut dhe rrebeshit u shk\u00eblqeu fytyra, p\u00ebrderisa dielli rr\u00ebzelliu syrin kur pran\u00eb t&#8217;u afrova. Jam grua e fort\u00eb si lisi i fuqish\u00ebm me rr\u00ebnj\u00eb t\u00eb thella q\u00eb nuk rr\u00ebzohet [&hellip;]<\/p>\n","protected":false},"author":3,"featured_media":2934,"comment_status":"open","ping_status":"open","sticky":false,"template":"","format":"standard","meta":{"footnotes":""},"categories":[10],"tags":[],"class_list":["post-2933","post","type-post","status-publish","format-standard","has-post-thumbnail","hentry","category-poezi"],"_links":{"self":[{"href":"https:\/\/migjeni.se\/index.php\/wp-json\/wp\/v2\/posts\/2933","targetHints":{"allow":["GET"]}}],"collection":[{"href":"https:\/\/migjeni.se\/index.php\/wp-json\/wp\/v2\/posts"}],"about":[{"href":"https:\/\/migjeni.se\/index.php\/wp-json\/wp\/v2\/types\/post"}],"author":[{"embeddable":true,"href":"https:\/\/migjeni.se\/index.php\/wp-json\/wp\/v2\/users\/3"}],"replies":[{"embeddable":true,"href":"https:\/\/migjeni.se\/index.php\/wp-json\/wp\/v2\/comments?post=2933"}],"version-history":[{"count":0,"href":"https:\/\/migjeni.se\/index.php\/wp-json\/wp\/v2\/posts\/2933\/revisions"}],"wp:featuredmedia":[{"embeddable":true,"href":"https:\/\/migjeni.se\/index.php\/wp-json\/wp\/v2\/media\/2934"}],"wp:attachment":[{"href":"https:\/\/migjeni.se\/index.php\/wp-json\/wp\/v2\/media?parent=2933"}],"wp:term":[{"taxonomy":"category","embeddable":true,"href":"https:\/\/migjeni.se\/index.php\/wp-json\/wp\/v2\/categories?post=2933"},{"taxonomy":"post_tag","embeddable":true,"href":"https:\/\/migjeni.se\/index.php\/wp-json\/wp\/v2\/tags?post=2933"}],"curies":[{"name":"wp","href":"https:\/\/api.w.org\/{rel}","templated":true}]}}