{"id":2936,"date":"2025-05-05T17:00:46","date_gmt":"2025-05-05T16:00:46","guid":{"rendered":"https:\/\/migjeni.se\/?p=2936"},"modified":"2025-05-05T17:00:50","modified_gmt":"2025-05-05T16:00:50","slug":"vebi-bexheti-5-maji-dita-e-luleve","status":"publish","type":"post","link":"https:\/\/migjeni.se\/index.php\/2025\/05\/05\/vebi-bexheti-5-maji-dita-e-luleve\/","title":{"rendered":"Vebi Bexheti: 5 Maji, Dita e Luleve"},"content":{"rendered":"<p>Vebi Bexheti<\/p>\n<p><strong>\u00a0\u00a0\u00a0\u00a0\u00a0\u00a0\u00a0\u00a0\u00a0\u00a0\u00a0\u00a0\u00a0\u00a0\u00a0\u00a0\u00a0\u00a0\u00a0\u00a0\u00a0\u00a0 \u00a0\u00a0\u00a0\u00a0\u00a05 Maji, Dita e Luleve<\/strong><\/p>\n<p>T\u00eb nderuar bashk\u00ebkombasit e mi, sot \u00ebsht\u00eb 5 Maji, Dita e Luleve, nj\u00eb dit\u00eb q\u00eb na e kthen kujtes\u00ebn n\u00eb koh\u00ebra kur kjo dit\u00eb, q\u00eb i paraprin Sh\u00ebngjergjit (6 Maji) pritej e p\u00ebrcillej me dashurin\u00eb m\u00eb t\u00eb madhe nga shqiptar\u00ebt, sidomos nga t\u00eb rinjt\u00eb, djem e vajza, q\u00eb nga kjo fest\u00eb p\u00ebrfitonin di\u00e7ka m\u00eb tep\u00ebr, meq\u00eb n\u00eb takimin tradicional n\u00eb nj\u00eb vend t\u00eb caktuar t\u00eb natyr\u00ebs kur shp\u00ebrthente gjethi n\u00eb ahisht\u00eb, e lulet \u00e7elnin, kishin mund\u00ebsin\u00eb q\u00eb t\u00eb shiheshin e t\u00eb takoheshin me nj\u00ebri tjetrin n\u00eb m\u00ebnyr\u00eb publike.<\/p>\n<p>Kjo dit\u00eb q\u00eb bashk\u00eb me at\u00eb t\u00eb Sh\u00ebngjergjit, festohen m\u00eb dat\u00eb 5 dhe 6 Maj, p\u00ebr shqiptar\u00ebt dhe shum\u00eb popaquj tjer\u00eb, nuk ka t\u00eb b\u00ebj\u00eb fare me \u00e7\u00ebshtje fetare, prandaj as q\u00eb ka arsye t\u00eb sulmohet nga qarqe t\u00eb ndryshme, disa nga t\u00eb cilat me kritika kinse qenka antifetare e n\u00eb d\u00ebm t\u00eb besimit islam t\u00eb tyre, e disa t\u00eb tjer\u00eb ta p\u00ebrvet\u00ebsojn\u00eb se u takuaka vet\u00ebm atyre, madje q\u00eb pask\u00ebsh karakter fetar t\u00eb besimit t\u00eb krishter\u00eb.<\/p>\n<p>Me gjith\u00eb karakterin mbar\u00ebkomb\u00ebtar n\u00eb shtrirjen gjeografike, p\u00ebrfshir\u00eb Shqip\u00ebrin\u00eb, Kosov\u00ebn e shum\u00eb shtete, tjera ku jetojn\u00eb shqiptar\u00ebt, dhe m\u00ebnyr\u00ebn e festimit me pak nuanca ndryshimesh, Dita e Luleve dhe Sh\u00ebngjergji mbetet festa m\u00eb e dashur p\u00ebr bujqit, bleg\u00ebtor\u00ebt dhe sidomos t\u00eb rinjt\u00eb, q\u00eb Dit\u00ebn e Luleve e presin me aq dashuri, mbase e konsiderojn\u00eb si t\u00eb tyren.<\/p>\n<p>Nj\u00eb ve\u00e7ori, q\u00eb vlen t\u00eb theksohet me k\u00ebt\u00eb rast, \u00ebsht\u00eb manifestimi i ve\u00e7ant\u00eb, q\u00eb praktikohet n\u00eb dy fshatrat e Mal\u00ebsis\u00eb s\u00eb Sharrit t\u00eb Tetov\u00ebs, Veshall\u00ebs dhe Bozovc\u00ebs, \u00ebsht\u00eb takimi i djemve, t\u00eb rinj, burrave dhe vajzave beqare, qofshin edhe t\u00eb fejuara, n\u00eb t\u00eb njejtin vend, pran\u00eb nj\u00eb guri, i njohur me em\u00ebrtimin \u201cGjuri i Caucave\u201d, q\u00eb gjendet n\u00eb vij\u00ebn kufitare, mes k\u00ebtyre dy katundeve.<\/p>\n<p>Pas nj\u00eb udh\u00ebtimi n\u00eb k\u00ebmb\u00eb ose me kal\u00eb, q\u00eb zgjat m\u00eb shum\u00eb se dy or\u00eb nga Veshalla dhe udh\u00ebtimit m\u00eb t\u00eb shkurt\u00ebr nga Bozovca, t\u00eb rinjt\u00eb, djem e vajza takoheheshin n\u00eb k\u00ebt\u00eb vend \u201cPelegrinazhi\u201d, q\u00eb si\u00e7 thot Lasgushi, sh\u00ebronte plag\u00ebt dhe syt\u00eb e t\u00eb rinjve t\u00eb dy gjinive.<\/p>\n<p>Kur p\u00ebrfundonte q\u00ebndrimi disa or\u00ebsh, n\u00eb atmosfer\u00eb g\u00ebzimi e hareje, t\u00eb shoq\u00ebruar me valle e k\u00ebng\u00eb vajzash, t\u00eb p\u00ebrcjella me dajre, ky tubim unikal n\u00eb bot\u00ebn shqiptare, shp\u00ebrndahej n\u00eb disa drejtime t\u00eb rajonit t\u00eb \u201cVardish\u00ebs\u201d, p\u00ebr t\u00eb mbledh\u00eb lule p\u00ebr kuror\u00eb, t\u00eb cil\u00ebn e bartnin n\u00eb kok\u00eb deri n\u00eb katund , ku me to i zbukurinin dyert\u00eb dhe en\u00ebt e ndryshme sht\u00ebpiake, e ve\u00e7mas ato q\u00eb kishin t\u00eb b\u00ebjn\u00eb me bleg\u00ebtorin\u00eb e bujq\u00ebsin\u00eb.<\/p>\n<p>Sipas shum\u00eb t\u00eb dh\u00ebnave, t\u00eb bazuara n\u00eb vlera materiale e shpirt\u00ebrore t\u00eb v\u00ebtetuara shkenc\u00ebrisht, kjo fest\u00eb e vjet\u00ebr dyditore, \u00ebsht\u00eb me rr\u00ebnj\u00eb nga lasht\u00ebsia, q\u00eb lindi si nevoj\u00eb p\u00ebr mir\u00ebqenie njer\u00ebzore, p\u00ebr begati natyrore e dashuri p\u00ebr t\u00eb mirat q\u00eb i dhuron ajo, si\u00e7 \u00ebsht\u00eb rip\u00ebrt\u00ebritja e natyr\u00ebs e zhvillimi i bujq\u00ebsis\u00eb me blegtorin\u00eb. T\u00eb gjitha k\u00ebta fakte d\u00ebshmohen p\u00ebrmes ceremonive t\u00eb shumta, q\u00eb zhvillohen brenda dy dit\u00ebve t\u00eb k\u00ebsaj feste dhe lirik\u00ebs popullore, q\u00eb n\u00eb m\u00ebnyr\u00ebn m\u00eb besnike e paraqet t\u00eb v\u00ebrtet\u00ebn lidhur me k\u00ebt\u00eb fest\u00eb pagane, q\u00eb nuk d\u00ebmton asnj\u00eb besim fetar, e q\u00eb kombin ton\u00eb e radhit n\u00eb grupin e pak kombeve m\u00eb t\u00eb vjetra n\u00eb Evrop\u00eb me t\u00ebr\u00eb identitetin e pal\u00ebkunsh\u00ebm autokton.<\/p>\n<p>Urime dhe g\u00ebzuar Dit\u00ebn e Luleve dhe Sh\u00ebngjergjin, gjith\u00eb atyre q\u00eb k\u00ebto festa ende i llogarisin si vler\u00eb e shtuar t\u00eb etnokultur\u00ebs son\u00eb komb\u00ebtare!<\/p>\n<p>V.B.<\/p>\n<p>&nbsp;<\/p>\n","protected":false},"excerpt":{"rendered":"<p>Vebi Bexheti \u00a0\u00a0\u00a0\u00a0\u00a0\u00a0\u00a0\u00a0\u00a0\u00a0\u00a0\u00a0\u00a0\u00a0\u00a0\u00a0\u00a0\u00a0\u00a0\u00a0\u00a0\u00a0 \u00a0\u00a0\u00a0\u00a0\u00a05 Maji, Dita e Luleve T\u00eb nderuar bashk\u00ebkombasit e mi, sot \u00ebsht\u00eb 5 Maji, Dita e Luleve, nj\u00eb dit\u00eb q\u00eb na e kthen kujtes\u00ebn n\u00eb koh\u00ebra kur kjo dit\u00eb, q\u00eb i paraprin Sh\u00ebngjergjit (6 Maji) pritej e p\u00ebrcillej me dashurin\u00eb m\u00eb t\u00eb madhe nga shqiptar\u00ebt, sidomos nga t\u00eb rinjt\u00eb, djem e vajza, [&hellip;]<\/p>\n","protected":false},"author":3,"featured_media":2937,"comment_status":"open","ping_status":"open","sticky":false,"template":"","format":"standard","meta":{"footnotes":""},"categories":[8],"tags":[],"class_list":["post-2936","post","type-post","status-publish","format-standard","has-post-thumbnail","hentry","category-opinione"],"_links":{"self":[{"href":"https:\/\/migjeni.se\/index.php\/wp-json\/wp\/v2\/posts\/2936","targetHints":{"allow":["GET"]}}],"collection":[{"href":"https:\/\/migjeni.se\/index.php\/wp-json\/wp\/v2\/posts"}],"about":[{"href":"https:\/\/migjeni.se\/index.php\/wp-json\/wp\/v2\/types\/post"}],"author":[{"embeddable":true,"href":"https:\/\/migjeni.se\/index.php\/wp-json\/wp\/v2\/users\/3"}],"replies":[{"embeddable":true,"href":"https:\/\/migjeni.se\/index.php\/wp-json\/wp\/v2\/comments?post=2936"}],"version-history":[{"count":0,"href":"https:\/\/migjeni.se\/index.php\/wp-json\/wp\/v2\/posts\/2936\/revisions"}],"wp:featuredmedia":[{"embeddable":true,"href":"https:\/\/migjeni.se\/index.php\/wp-json\/wp\/v2\/media\/2937"}],"wp:attachment":[{"href":"https:\/\/migjeni.se\/index.php\/wp-json\/wp\/v2\/media?parent=2936"}],"wp:term":[{"taxonomy":"category","embeddable":true,"href":"https:\/\/migjeni.se\/index.php\/wp-json\/wp\/v2\/categories?post=2936"},{"taxonomy":"post_tag","embeddable":true,"href":"https:\/\/migjeni.se\/index.php\/wp-json\/wp\/v2\/tags?post=2936"}],"curies":[{"name":"wp","href":"https:\/\/api.w.org\/{rel}","templated":true}]}}