{"id":2940,"date":"2025-05-06T13:24:23","date_gmt":"2025-05-06T12:24:23","guid":{"rendered":"https:\/\/migjeni.se\/?p=2940"},"modified":"2025-05-06T13:24:23","modified_gmt":"2025-05-06T12:24:23","slug":"me-poetin-vlonjat-albert-habazaj-2","status":"publish","type":"post","link":"https:\/\/migjeni.se\/index.php\/2025\/05\/06\/me-poetin-vlonjat-albert-habazaj-2\/","title":{"rendered":"Me poetin vlonjat Albert HABAZAJ"},"content":{"rendered":"<p>Albert HABAZAJ<\/p>\n<p>E SHKRUAR M\u00cb 5 MAJ<br \/>\nLavdi D\u00ebshmor\u00ebve! Mallkuar Hipokrit\u00ebt!<\/p>\n<p>M\u00eb falni, o t\u00eb ndritshmit d\u00ebshmor\u00eb<br \/>\nQ\u00eb sot n\u00eb Dat\u00ebn tuaj t\u00eb shenjt\u00eb<br \/>\nTek m\u00eb dhembin vargjet, me zem\u00ebr n\u00eb dor\u00eb<br \/>\nU p\u00ebrulem juve, por do t&amp;#39;i shaj qent\u00eb.<br \/>\nJo qent\u00eb e stanit, as qent\u00eb e sht\u00ebpis\u00eb,<br \/>\nPor ata zagar\u00ebt, langaraq\u00ebt<br \/>\nAta q\u00eb llag\u00ebmin e hipokrizis\u00eb<br \/>\nNa e shesin si pun\u00eb t\u00eb fisme, t\u00eb paqt\u00eb&#8230;<br \/>\nNga varaka e fasad\u00ebs lumturore<br \/>\nT\u00eb verbuar, t\u00eb vyshkur, t\u00eb vrazhd\u00eb,<br \/>\nMaskat e f\u00eblliqura marrin p\u00ebr dore<br \/>\nHarrojn\u00eb q\u00eb ne shohim tej fasad\u00ebs.<br \/>\nV\u00ebrshojn\u00eb vandak\u00ebt me premtime legjendare<br \/>\nSa q\u00eb vet\u00eb premtimeve u bie t\u00eb fik\u00ebt,<br \/>\nMaskat e virtytit na u b\u00ebn\u00eb si varre<br \/>\nLavdi D\u00ebshmor\u00ebve, mallkuar hipokrit\u00ebt!<br \/>\nVlor\u00eb; e h\u00ebn\u00eb, 5 Maj 2025<\/p>\n","protected":false},"excerpt":{"rendered":"<p>Albert HABAZAJ E SHKRUAR M\u00cb 5 MAJ Lavdi D\u00ebshmor\u00ebve! Mallkuar Hipokrit\u00ebt! M\u00eb falni, o t\u00eb ndritshmit d\u00ebshmor\u00eb Q\u00eb sot n\u00eb Dat\u00ebn tuaj t\u00eb shenjt\u00eb Tek m\u00eb dhembin vargjet, me zem\u00ebr n\u00eb dor\u00eb U p\u00ebrulem juve, por do t&amp;#39;i shaj qent\u00eb. Jo qent\u00eb e stanit, as qent\u00eb e sht\u00ebpis\u00eb, Por ata zagar\u00ebt, langaraq\u00ebt Ata q\u00eb llag\u00ebmin [&hellip;]<\/p>\n","protected":false},"author":3,"featured_media":2717,"comment_status":"open","ping_status":"open","sticky":false,"template":"","format":"standard","meta":{"footnotes":""},"categories":[10],"tags":[],"class_list":["post-2940","post","type-post","status-publish","format-standard","has-post-thumbnail","hentry","category-poezi"],"_links":{"self":[{"href":"https:\/\/migjeni.se\/index.php\/wp-json\/wp\/v2\/posts\/2940","targetHints":{"allow":["GET"]}}],"collection":[{"href":"https:\/\/migjeni.se\/index.php\/wp-json\/wp\/v2\/posts"}],"about":[{"href":"https:\/\/migjeni.se\/index.php\/wp-json\/wp\/v2\/types\/post"}],"author":[{"embeddable":true,"href":"https:\/\/migjeni.se\/index.php\/wp-json\/wp\/v2\/users\/3"}],"replies":[{"embeddable":true,"href":"https:\/\/migjeni.se\/index.php\/wp-json\/wp\/v2\/comments?post=2940"}],"version-history":[{"count":0,"href":"https:\/\/migjeni.se\/index.php\/wp-json\/wp\/v2\/posts\/2940\/revisions"}],"wp:featuredmedia":[{"embeddable":true,"href":"https:\/\/migjeni.se\/index.php\/wp-json\/wp\/v2\/media\/2717"}],"wp:attachment":[{"href":"https:\/\/migjeni.se\/index.php\/wp-json\/wp\/v2\/media?parent=2940"}],"wp:term":[{"taxonomy":"category","embeddable":true,"href":"https:\/\/migjeni.se\/index.php\/wp-json\/wp\/v2\/categories?post=2940"},{"taxonomy":"post_tag","embeddable":true,"href":"https:\/\/migjeni.se\/index.php\/wp-json\/wp\/v2\/tags?post=2940"}],"curies":[{"name":"wp","href":"https:\/\/api.w.org\/{rel}","templated":true}]}}