{"id":331,"date":"2023-11-20T15:14:25","date_gmt":"2023-11-20T15:14:25","guid":{"rendered":"https:\/\/migjeni.se\/?p=331"},"modified":"2023-11-20T15:14:25","modified_gmt":"2023-11-20T15:14:25","slug":"sibora-huda-ne-10-vjetorin-e-lindjes-peruron-librin-e-3-te-me-poezi","status":"publish","type":"post","link":"https:\/\/migjeni.se\/index.php\/2023\/11\/20\/sibora-huda-ne-10-vjetorin-e-lindjes-peruron-librin-e-3-te-me-poezi\/","title":{"rendered":"Sibora Huda, n\u00eb 10-vjetorin e lindjes, p\u00ebruron librin e 3-t\u00eb me poezi"},"content":{"rendered":"<div class=\"field__item\">\n<p><strong><em>Nga: Prof.Murat Gecaj<\/em><\/strong><strong><em>\u00a0publicist e studiues<\/em><\/strong><\/p>\n<p><strong><em>1.<\/em><\/strong><\/p>\n<p>Kam qen\u00eb shpesh her\u00eb i pranish\u00ebm n\u00eb sall\u00ebn\u00a0 e bibliotek\u00ebs s\u00eb Muzeut Historik Komb\u00ebtar t\u00eb kryeqytetit, ku jan\u00eb organizuar p\u00ebrurime t\u00eb botmeve t\u00eb ndryshme. Pothuajse n\u00eb asnj\u00eb rast, ajo nuk m\u00eb \u00ebsht\u00eb dukur aq e vog\u00ebl, sa paradit\u00ebn e sotme. Jo\u00a0 vet\u00ebm karriget e saj, por dhe mjediset an\u00ebsore ishin tejmbushur me t\u00eb ftuar. Ndokush, natyrsh\u00ebm, mund t\u00eb pyes\u00eb: \u201cPse, \u00e7far\u00eb kishte ndodhur?\u201d N\u00eb pamjen e jashtme, asgj\u00eb e jasht\u00ebzakonshme. Nd\u00ebrsa, kur e m\u00ebson, se mikprit\u00ebsja e t\u00ebr\u00eb\u00a0 atyre t\u00eb ftuar\u00ebve ishte nj\u00eb vajz\u00eb 10-vje\u00e7are, autore e tre librave\u00a0 poetik\u00eb, me emrin Sibora Huda, at\u00ebher\u00eb e kupton dometh\u00ebnien e asaj, q\u00eb shkrova m\u00eb lart.<\/p>\n<\/div>\n<div class=\"field__item\">\n<p>Me at\u00eb buz\u00ebqeshje engj\u00ebllore dhe e veshur aq hijsh\u00ebm, ajo kishte z\u00ebn\u00eb der\u00ebn e\u00a0 hyrjes n\u00eb sall\u00eb dhe ua jepte dor\u00ebn e i fal\u00ebnderonte t\u00eb gjith\u00eb, p\u00ebr ardhjen. Po k\u00ebshtu, veproi dhe me mua, q\u00eb Sibor\u00ebn e takoja p\u00ebr her\u00eb t\u00eb par\u00eb. Nd\u00ebrsa vet\u00ebm kishim shk\u00ebmbyer mesazhe p\u00ebrmes Fb dhe ia dinim mir\u00eb nj\u00ebri-tjetrit t\u00eb dh\u00ebnat jet\u00ebsore, si dhe krijmtarin\u00eb e botimet. Sapo m\u00eb pa, ajo m\u2019u hodh n\u00eb qaf\u00eb e m\u2019u drejtua: \u201cMir\u00eb se erdhe, xhaxhi Murat! Ja, kjo \u00ebsht\u00eb mami dhe ai babi im\u2026\u201d. N\u00eb fytyrat e t\u00eb dyve lexoheshin qart\u00eb g\u00ebzimi e lumturia e natyrshme: Vajza e tyre kishte dy festa s\u00eb bashku, pra 10-vjetorin e lindjes dhe do t\u00eb p\u00ebruronte librin e ri me poezi, \u201cKy shi&#8230;\u201d Duke par\u00eb numrin e shumt\u00eb t\u00eb pjes\u00ebmarr\u00ebsve n\u00eb k\u00ebto dy ngjarje, si e z\u00ebn\u00eb ngusht, mami i Sibor\u00ebs u shpreh, me buz\u00ebn n\u00eb gaz:\u00a0 \u201cNuk e parashikonim k\u00ebshtu, se do t\u00eb kishim gjetur nj\u00eb sall\u00eb m\u00eb t\u00eb madhe!?\u201d<\/p>\n<p>I ulur pran\u00eb nj\u00eb grupi vajzash e djem\u00ebsh, bashk\u00ebmoshatar\u00eb e bashk\u00ebnx\u00ebn\u00ebs t\u00eb Sibor\u00ebs, n\u00eb klas\u00ebn e 4-t\u00eb A, t\u00eb shkoll\u00ebn 9-vje\u00e7are \u201cAli Demi\u201d t\u00eb Tiran\u00ebs, i shihja se si ata i kishin mbushur plot duart e tyre m\u00eb buqeta lulesh shum\u00ebngjyr\u00ebshe e me dhurata simbolike. Prisnin me padurim, q\u00eb t\u2019ia jepnin t\u00eb gjitha mikes s\u00eb tyre t\u00eb rrall\u00eb e, tashm\u00eb, e njohur n\u00eb fush\u00ebn e letrave, Sibora Hud\u00ebs. Nuk e di se p\u00ebrse, por mendoja q\u00eb, ashtu, a nuk do t\u2019i shkonte m\u00eb bukur emri \u201cSilule\u2026\u201d(ha,ha).<\/p>\n<p>Po, nd\u00ebrmjet pjes\u00ebmarr\u00ebsve n\u00eb ato dy festa, ishin edhe poet\u00eb e shkrimtar\u00eb t\u00eb moshave t\u00eb ndryshme, punonj\u00ebs t\u00eb arsimit,\u00a0 kultur\u00ebs e artit, si dhe nga media e shkruar e ajo elektronike etj.<\/p>\n<p><strong><em>2.<\/em><\/strong><\/p>\n<p>Koha e fillimit t\u00eb festave kushtuar Sibor\u00ebs, nuk vonoi. Disa veta zun\u00eb vend p\u00ebrpara, si\u00e7 \u00ebsht\u00eb b\u00ebr\u00eb\u00a0 praktik\u00eb e njohur. I pari e mori mikrofonin n\u00eb dor\u00eb\u00a0<em>Agim Xheka<\/em>, duke kryer detyr\u00ebn e moderatorit t\u00eb k\u00ebsaj veprimtarie t\u00eb bukur. T\u00ebr\u00eb shend e ver\u00eb, gjithnj\u00eb duke buz\u00ebqeshur, me sy vezullues e duke p\u00ebrshdeetur me dor\u00eb t\u00eb ftuarit n\u00eb sall\u00eb, \u00a0pran\u00eb\u00a0 tij rrinte Sibora. Ajo mezi dukej nga buqetat e shumta t\u00eb luleve, q\u00eb e kishin mbushur tavolin\u00ebn e tyre. Agimi nuk u zgjat n\u00eb fjal\u00ebn e tij, por tha se kishte k\u00ebnaq\u00ebsi t\u2019ia plot\u00ebsonte d\u00ebshir\u00ebn vog\u00eblushes poete dhe, me at\u00eb z\u00ebrin e tij kumbues, recitoi nj\u00eb poezi t\u00eb saj.<\/p>\n<p>Pas tij, p\u00ebrsh\u00ebndeti krijuesi e botuesi i mir\u00ebnjohur\u00a0<em>Pandeli Ko\u00e7i<\/em>\u00a0ose, ndryshe, \u201cSazan Goliku\u201d. As ai nuk i shp\u00ebtoi \u201cs\u00ebmundjes\u201d, q\u00eb i p\u00ebrfshiu adhe fol\u00ebsit tjer\u00eb, n\u00eb vazhdim. Pasi n\u00ebnvizoi, se krijimet e Sibor\u00ebs jan\u00eb \u201cbrum\u00eb\u201d i mir\u00eb, jo vet\u00ebm p\u00ebr lexuesit e vegj\u00ebl\u00a0 e t\u00eb m\u00ebdhenj, por dhe p\u00ebr studiuesit e kritik\u00ebt e let\u00ebrsis\u00eb, lexoi poezi t\u00eb k\u00ebsaj autoreje t\u00eb vog\u00ebl, q\u00eb jan\u00eb botuar n\u00eb librin\u00a0 e tret\u00eb t\u00eb saj, \u201cKy shi\u2026\u201d.<\/p>\n<p>T\u00ebr\u00eb sall\u00ebs i dhan\u00eb gjall\u00ebri edhe fol\u00ebsit e recituesit e tjer\u00eb, si:\u00a0<em>Klara Kodra, Xhelal Luca, Marilena Shena, Ali Hasani\u2026<\/em>\u00a0Pran\u00eb kisha dy shoqe t\u00eb klas\u00ebs s\u00eb Sibor\u00ebs,_<em>Tea Alhasa e Sofia Qirko.<\/em>\u00a0Ato dol\u00ebn n\u00eb podiumin p\u00ebrpara dhe jo recituan poezi t\u00eb Sibor\u00ebs, por\u00a0 sikur cic\u00ebruan, me z\u00ebrin e tyre t\u00eb\u00a0 \u00ebmb\u00ebl. Prandaj pjes\u00ebmarr\u00ebsit duartrokit\u00ebn aq shum\u00eb.<\/p>\n<p>Duke \u201cthyer rregullat\u201d e p\u00ebr t\u00eb shpejuar, sepse e dija q\u00eb, kur t\u00eb mbyllej kjo ceremoni, do t\u00eb shkonin shum\u00eb veta p\u00ebr t\u00eb marr\u00eb n\u00ebnshkrimin, un\u00eb i\u00a0 vura p\u00ebrpara Sibor\u00ebs, nj\u00eb kopje t\u00eb librit t\u00eb saj t\u00eb ri. Ajo shkroi aty k\u00ebto fjal\u00eb:\u00a0<em>\u201cP\u00ebr Xhaxhi Muratin! Tiran\u00eb, 8 dhjetor 2017\u201d.<\/em><\/p>\n<p>N\u00eb mbllje t\u00eb k\u00ebtyre dy festave, pra t\u00eb dit\u00eblindjes e p\u00ebrurimit t\u00eb librit t\u00eb tret\u00eb poetik, edhe Sibora Huda tha p\u00ebrs\u00ebri pak fjal\u00eb, mes g\u00ebzimit dhe emocioneve t\u00eb natyrshme t\u00eb saj. N\u00ebrkaq, drejt tavolin\u00ebs, ku ajo tashm\u00eb ishte ngritur n\u00eb k\u00ebmb\u00eb, v\u00ebrshuan f\u00ebmij\u00eb e t\u00eb rritur, p\u00ebr ta p\u00ebrqafuar e p\u00ebrg\u00ebzuar at\u00eb, nxeht\u00ebsisht.<\/p>\n<p>\u2026\u00c7aste t\u00eb bukura kaluan t\u00eb ftuarit, n\u00eb k\u00ebt\u00eb fest\u00eb mbres\u00ebl\u00ebn\u00ebse edhe n\u00eb koktejin e shtuar nga familja, me k\u00ebt\u00eb rast. Si gjat\u00eb veprimtaris\u00eb n\u00eb sall\u00eb dhe aty, me Sibor\u00ebn ata b\u00ebn\u00eb shum\u00eb fotografi e filmime, q\u00eb jan\u00eb nj\u00eb kujtim i paharruar, p\u00ebr t\u00eb gjith\u00eb pjes\u00ebmarr\u00ebsit.<\/p>\n<\/div>\n","protected":false},"excerpt":{"rendered":"<p>Nga: Prof.Murat Gecaj\u00a0publicist e studiues 1. Kam qen\u00eb shpesh her\u00eb i pranish\u00ebm n\u00eb sall\u00ebn\u00a0 e bibliotek\u00ebs s\u00eb Muzeut Historik Komb\u00ebtar t\u00eb kryeqytetit, ku jan\u00eb organizuar p\u00ebrurime t\u00eb botmeve t\u00eb ndryshme. Pothuajse n\u00eb asnj\u00eb rast, ajo nuk m\u00eb \u00ebsht\u00eb dukur aq e vog\u00ebl, sa paradit\u00ebn e sotme. Jo\u00a0 vet\u00ebm karriget e saj, por dhe mjediset an\u00ebsore [&hellip;]<\/p>\n","protected":false},"author":1,"featured_media":0,"comment_status":"open","ping_status":"open","sticky":false,"template":"","format":"standard","meta":{"footnotes":""},"categories":[6],"tags":[],"class_list":["post-331","post","type-post","status-publish","format-standard","hentry","category-botime-te-reja"],"_links":{"self":[{"href":"https:\/\/migjeni.se\/index.php\/wp-json\/wp\/v2\/posts\/331","targetHints":{"allow":["GET"]}}],"collection":[{"href":"https:\/\/migjeni.se\/index.php\/wp-json\/wp\/v2\/posts"}],"about":[{"href":"https:\/\/migjeni.se\/index.php\/wp-json\/wp\/v2\/types\/post"}],"author":[{"embeddable":true,"href":"https:\/\/migjeni.se\/index.php\/wp-json\/wp\/v2\/users\/1"}],"replies":[{"embeddable":true,"href":"https:\/\/migjeni.se\/index.php\/wp-json\/wp\/v2\/comments?post=331"}],"version-history":[{"count":0,"href":"https:\/\/migjeni.se\/index.php\/wp-json\/wp\/v2\/posts\/331\/revisions"}],"wp:attachment":[{"href":"https:\/\/migjeni.se\/index.php\/wp-json\/wp\/v2\/media?parent=331"}],"wp:term":[{"taxonomy":"category","embeddable":true,"href":"https:\/\/migjeni.se\/index.php\/wp-json\/wp\/v2\/categories?post=331"},{"taxonomy":"post_tag","embeddable":true,"href":"https:\/\/migjeni.se\/index.php\/wp-json\/wp\/v2\/tags?post=331"}],"curies":[{"name":"wp","href":"https:\/\/api.w.org\/{rel}","templated":true}]}}