{"id":4056,"date":"2026-03-05T21:21:03","date_gmt":"2026-03-05T20:21:03","guid":{"rendered":"https:\/\/migjeni.se\/?p=4056"},"modified":"2026-03-05T21:21:08","modified_gmt":"2026-03-05T20:21:08","slug":"pergatiti-vjollca-aliajgrate-ne-art","status":"publish","type":"post","link":"https:\/\/migjeni.se\/index.php\/2026\/03\/05\/pergatiti-vjollca-aliajgrate-ne-art\/","title":{"rendered":"P\u00ebrgatiti Vjollca Aliaj:&#8221;Grat\u00eb n\u00eb ART&#8221;"},"content":{"rendered":"<p>P\u00ebrgatiti Vjollca Aliaj<\/p>\n<p>&#8220;Grat\u00eb n\u00eb ART&#8221;<\/p>\n<p>Sot, n\u00eb ambientet e Galeris\u00eb s\u00eb Arteve n\u00eb Vlor\u00eb, u zhvillua n\u00eb nj\u00eb atmosfer\u00eb t\u00eb ngroht\u00eb dhe festive ekspozita \u201cGrat\u00eb n\u00eb Art\u201d, e organizuar nga Qendra e Kultur\u00ebs n\u00eb bashk\u00ebpunim me Shoqata\u00a0 &#8220;Laskarina Bubulina&#8221;-&#8220;Grat\u00eb e Detar\u00ebve Shqiptar\u00eb &#8211; GDSH dhe t\u00eb tjera gra t\u00eb apasionuara pas artit, n\u00eb kuad\u00ebr t\u00eb festimeve p\u00ebr 8 Marsin, Dit\u00ebn Nd\u00ebrkomb\u00ebtare t\u00eb Gruas. Ekspozita solli para publikut nj\u00eb mozaik t\u00eb pasur krijimtarie me piktura, fotografi dhe shum\u00eb punime t\u00eb bukura artistike t\u00eb realizuara nga vet\u00eb zonjat an\u00ebtare t\u00eb shoqat\u00ebs. K\u00ebto krijime shpalos\u00ebn jo vet\u00ebm talentin dhe pasionin e tyre, por edhe p\u00ebrkushtimin p\u00ebr t\u00eb mbajtur gjall\u00eb trash\u00ebgimin\u00eb kulturore dhe vlerat artistike q\u00eb p\u00ebrcillen nd\u00ebr breza. Aktivitetin e p\u00ebrsh\u00ebndeti drejtoresha e Qendr\u00ebs s\u00eb Kultur\u00ebs, znj. Anxhela Kapllani, e cila vler\u00ebsoi kontributin dhe energjin\u00eb krijuese t\u00eb grave artiste, duke theksuar r\u00ebnd\u00ebsin\u00eb e artit si nj\u00eb hap\u00ebsir\u00eb ku shprehen ndjenjat, kujtesa dhe identiteti kulturor. Gjithashtu p\u00ebrsh\u00ebndeti kryetarja e shoqat\u00ebs Vjollca Aliaj\u00a0 e cila fal\u00ebnderoi t\u00eb gjitha an\u00ebtaret p\u00ebr pjes\u00ebmarrjen dhe p\u00ebrkushtimin n\u00eb k\u00ebt\u00eb aktivitet t\u00eb ve\u00e7ant\u00eb. Fjal\u00eb p\u00ebrsh\u00ebndet\u00ebse mbajti edhe an\u00ebtarja e shoqat\u00ebs Lulzime Malaj, duke ndar\u00eb mendime t\u00eb bukura mbi rolin e gruas n\u00eb art dhe n\u00eb shoq\u00ebri. Nj\u00eb moment i ndjer\u00eb i aktivitetit ishte ai letrar, ku nj\u00eb studente, lexoi poezi t\u00eb poeteve an\u00ebtare t\u00eb shoqat\u00ebs Zamira Agalliu, Vjollca Aliaj, Lulzime Malaj, Zamira Mezuraj. Gjithashtu u prezantuan edhe librat me poezi t\u00eb poetes Lulzime Malaj dhe me poezi e proz\u00eb t\u00eb Vjollca Aliaj, duke i dh\u00ebn\u00eb ekspozit\u00ebs nj\u00eb dimension t\u00eb ve\u00e7ant\u00eb artistik dhe poetik. Atmosfera u pasurua edhe m\u00eb shum\u00eb nga momentet e bukura t\u00eb fotografive mes zonjave pjes\u00ebmarr\u00ebse, q\u00eb p\u00ebrjet\u00ebsuan k\u00ebt\u00eb dit\u00eb t\u00eb ve\u00e7ant\u00eb miq\u00ebsie, arti dhe bashkimi. N\u00eb p\u00ebrfundim, si shenj\u00eb vler\u00ebsimi dhe mir\u00ebnjohjeje, drejtoresha Anxhela Kapllani dhuroi karafila p\u00ebr t\u00eb gjitha zonjat e pranishme, duke e b\u00ebr\u00eb k\u00ebt\u00eb takim edhe m\u00eb t\u00eb ngroht\u00eb dhe simbolik. Ekspozita \u201cGrat\u00eb n\u00eb Art\u201d u kthye k\u00ebshtu n\u00eb nj\u00eb fest\u00eb t\u00eb v\u00ebrtet\u00eb t\u00eb krijimtaris\u00eb, eleganc\u00ebs dhe forc\u00ebs s\u00eb gruas, duke bashkuar artin pamor, fjal\u00ebn poetike dhe emocionet n\u00eb nj\u00eb aktivitet t\u00eb bukur e dometh\u00ebn\u00ebs.<\/p>\n","protected":false},"excerpt":{"rendered":"<p>P\u00ebrgatiti Vjollca Aliaj &#8220;Grat\u00eb n\u00eb ART&#8221; Sot, n\u00eb ambientet e Galeris\u00eb s\u00eb Arteve n\u00eb Vlor\u00eb, u zhvillua n\u00eb nj\u00eb atmosfer\u00eb t\u00eb ngroht\u00eb dhe festive ekspozita \u201cGrat\u00eb n\u00eb Art\u201d, e organizuar nga Qendra e Kultur\u00ebs n\u00eb bashk\u00ebpunim me Shoqata\u00a0 &#8220;Laskarina Bubulina&#8221;-&#8220;Grat\u00eb e Detar\u00ebve Shqiptar\u00eb &#8211; GDSH dhe t\u00eb tjera gra t\u00eb apasionuara pas artit, n\u00eb kuad\u00ebr [&hellip;]<\/p>\n","protected":false},"author":3,"featured_media":4057,"comment_status":"open","ping_status":"open","sticky":false,"template":"","format":"standard","meta":{"footnotes":""},"categories":[8],"tags":[],"class_list":["post-4056","post","type-post","status-publish","format-standard","has-post-thumbnail","hentry","category-opinione"],"_links":{"self":[{"href":"https:\/\/migjeni.se\/index.php\/wp-json\/wp\/v2\/posts\/4056","targetHints":{"allow":["GET"]}}],"collection":[{"href":"https:\/\/migjeni.se\/index.php\/wp-json\/wp\/v2\/posts"}],"about":[{"href":"https:\/\/migjeni.se\/index.php\/wp-json\/wp\/v2\/types\/post"}],"author":[{"embeddable":true,"href":"https:\/\/migjeni.se\/index.php\/wp-json\/wp\/v2\/users\/3"}],"replies":[{"embeddable":true,"href":"https:\/\/migjeni.se\/index.php\/wp-json\/wp\/v2\/comments?post=4056"}],"version-history":[{"count":1,"href":"https:\/\/migjeni.se\/index.php\/wp-json\/wp\/v2\/posts\/4056\/revisions"}],"predecessor-version":[{"id":4058,"href":"https:\/\/migjeni.se\/index.php\/wp-json\/wp\/v2\/posts\/4056\/revisions\/4058"}],"wp:featuredmedia":[{"embeddable":true,"href":"https:\/\/migjeni.se\/index.php\/wp-json\/wp\/v2\/media\/4057"}],"wp:attachment":[{"href":"https:\/\/migjeni.se\/index.php\/wp-json\/wp\/v2\/media?parent=4056"}],"wp:term":[{"taxonomy":"category","embeddable":true,"href":"https:\/\/migjeni.se\/index.php\/wp-json\/wp\/v2\/categories?post=4056"},{"taxonomy":"post_tag","embeddable":true,"href":"https:\/\/migjeni.se\/index.php\/wp-json\/wp\/v2\/tags?post=4056"}],"curies":[{"name":"wp","href":"https:\/\/api.w.org\/{rel}","templated":true}]}}