{"id":4062,"date":"2026-03-06T08:53:25","date_gmt":"2026-03-06T07:53:25","guid":{"rendered":"https:\/\/migjeni.se\/?p=4062"},"modified":"2026-03-06T08:53:25","modified_gmt":"2026-03-06T07:53:25","slug":"caste-poetike-me-emine-hoti","status":"publish","type":"post","link":"https:\/\/migjeni.se\/index.php\/2026\/03\/06\/caste-poetike-me-emine-hoti\/","title":{"rendered":"Caste poetike me Emine Hoti"},"content":{"rendered":"<p>Emine Hoti<\/p>\n<p>ADEM JASHARI<\/p>\n<p>Adem Jashari heroi dardan,<br \/>\nmonument q\u00ebndrese n\u00eb bot\u00eb,<br \/>\nlirin\u00eb kish t\u00eb dashur\u00ebn e zemr\u00ebs,<br \/>\nme vepr\u00ebn e tij b\u00ebri epok\u00eb.<\/p>\n<p>Adem Jashari legjendar,<br \/>\nsot kushtrim p\u00ebr \u00e7do shqiptar,<br \/>\njet\u00ebn e tij i fali atdheut,<br \/>\nzem\u00ebrluani atdhetar.<\/p>\n<p>Ka njohur bota familje heronjsh,<br \/>\nme trima t\u00eb shquar e atdhetar\u00eb,<br \/>\nsi Jasharajt\u00eb s`gjen kund tjet\u00ebr,<br \/>\nn\u00eb t\u00eb gjith\u00eb globin mbar\u00eb.<\/p>\n<p>N\u00eb Drenic\u00eb e gjith\u00eb familja,<br \/>\nmbrojt\u00ebn kull\u00ebn legjendare,<br \/>\nmbrojt\u00ebn vatr\u00ebn e t\u00eb par\u00ebve,<br \/>\nnga mizoria serbomadhe.<\/p>\n<p>Ato dit\u00eb t\u00eb stuhishme,<br \/>\nu derdh\u00ebn lumenj gjaku,<br \/>\nflak\u00eb e zjarr zemrat dardane,<br \/>\nnga i vogli gjer te plaku.<\/p>\n<p>Lum si ti, o kombi yn\u00eb,<br \/>\np\u00ebr luan\u00ebt q\u00eb ke lindur,<br \/>\ni tregove bot\u00ebs mbar\u00eb,<br \/>\nDardanin\u00eb e rilindur!<\/p>\n<p>U shnd\u00ebrruat n\u00eb legjenda,<br \/>\ni that\u00eb serbit: ndal, or ndal,<br \/>\nsht\u00ebpit\u00eb tona jan\u00eb k\u00ebshtjella,<br \/>\np\u00ebr lirin\u00eb s`b\u00ebjm\u00eb pazar!<\/p>\n<p>Kombi yn\u00eb ju ka flamur,<br \/>\njeni n\u00eb ball\u00eb t\u00eb historis\u00eb,<br \/>\nju heronj dhe heroina,<br \/>\nflamurtar\u00eb t\u00eb liris\u00eb.<\/p>\n","protected":false},"excerpt":{"rendered":"<p>Emine Hoti ADEM JASHARI Adem Jashari heroi dardan, monument q\u00ebndrese n\u00eb bot\u00eb, lirin\u00eb kish t\u00eb dashur\u00ebn e zemr\u00ebs, me vepr\u00ebn e tij b\u00ebri epok\u00eb. Adem Jashari legjendar, sot kushtrim p\u00ebr \u00e7do shqiptar, jet\u00ebn e tij i fali atdheut, zem\u00ebrluani atdhetar. Ka njohur bota familje heronjsh, me trima t\u00eb shquar e atdhetar\u00eb, si Jasharajt\u00eb s`gjen kund [&hellip;]<\/p>\n","protected":false},"author":3,"featured_media":3380,"comment_status":"open","ping_status":"open","sticky":false,"template":"","format":"standard","meta":{"footnotes":""},"categories":[10],"tags":[],"class_list":["post-4062","post","type-post","status-publish","format-standard","has-post-thumbnail","hentry","category-poezi"],"_links":{"self":[{"href":"https:\/\/migjeni.se\/index.php\/wp-json\/wp\/v2\/posts\/4062","targetHints":{"allow":["GET"]}}],"collection":[{"href":"https:\/\/migjeni.se\/index.php\/wp-json\/wp\/v2\/posts"}],"about":[{"href":"https:\/\/migjeni.se\/index.php\/wp-json\/wp\/v2\/types\/post"}],"author":[{"embeddable":true,"href":"https:\/\/migjeni.se\/index.php\/wp-json\/wp\/v2\/users\/3"}],"replies":[{"embeddable":true,"href":"https:\/\/migjeni.se\/index.php\/wp-json\/wp\/v2\/comments?post=4062"}],"version-history":[{"count":1,"href":"https:\/\/migjeni.se\/index.php\/wp-json\/wp\/v2\/posts\/4062\/revisions"}],"predecessor-version":[{"id":4063,"href":"https:\/\/migjeni.se\/index.php\/wp-json\/wp\/v2\/posts\/4062\/revisions\/4063"}],"wp:featuredmedia":[{"embeddable":true,"href":"https:\/\/migjeni.se\/index.php\/wp-json\/wp\/v2\/media\/3380"}],"wp:attachment":[{"href":"https:\/\/migjeni.se\/index.php\/wp-json\/wp\/v2\/media?parent=4062"}],"wp:term":[{"taxonomy":"category","embeddable":true,"href":"https:\/\/migjeni.se\/index.php\/wp-json\/wp\/v2\/categories?post=4062"},{"taxonomy":"post_tag","embeddable":true,"href":"https:\/\/migjeni.se\/index.php\/wp-json\/wp\/v2\/tags?post=4062"}],"curies":[{"name":"wp","href":"https:\/\/api.w.org\/{rel}","templated":true}]}}