{"id":4064,"date":"2026-03-06T22:56:10","date_gmt":"2026-03-06T21:56:10","guid":{"rendered":"https:\/\/migjeni.se\/?p=4064"},"modified":"2026-03-06T22:56:13","modified_gmt":"2026-03-06T21:56:13","slug":"mbremje-poetike-me-vargjet-e-albert-habazaj","status":"publish","type":"post","link":"https:\/\/migjeni.se\/index.php\/2026\/03\/06\/mbremje-poetike-me-vargjet-e-albert-habazaj\/","title":{"rendered":"Mbr\u00ebmje poetike me vargjet e Albert HABAZAJ"},"content":{"rendered":"<p>Albert HABAZAJ<\/p>\n<p>M\u00cbSUESJA ARTISTE<br \/>\nM\u00ebsueses dhe k\u00ebng\u00ebtares popullore SHPRESA KAPO \u00c7ELAJ dhe, n\u00ebp\u00ebrmjet k\u00ebtyre<br \/>\nvargjeve, &#8211; nj\u00eb tuf\u00eb me tr\u00ebndafila poetik\u00eb p\u00ebr t\u00eb gjitha m\u00ebsueset dhe grat\u00eb shqiptare, q\u00eb<br \/>\njan\u00eb kurora e dinjitetit njer\u00ebzor me sakrificat e tyre p\u00ebr emancipimin qytetar t\u00eb<br \/>\nfamiljes dhe shoq\u00ebris\u00eb.<\/p>\n<p>Ikin vitet, fluturojn\u00eb<br \/>\nGjasht\u00ebdhjet\u00eb e gjasht\u00eb sot,<br \/>\nPleq\u00ebrin\u00eb nuk e kuptojm\u00eb<br \/>\nNj\u00eb fjal\u00eb q\u00eb s&amp;#39;e themi dot.<br \/>\nGjasht\u00ebdhjet\u00eb e gjasht\u00eb vite<br \/>\nShpresa Kapo \u00c7elaj mbush<br \/>\nN\u00eb furtun\u00eb e shk\u00eblqim drite<br \/>\nUdh\u00ebtoi jo si shum\u00eb kush.<br \/>\nMe grupin ton\u00eb t\u00eb zemr\u00ebs<br \/>\n10 Shqiponjat e T\u00ebrba\u00e7it<br \/>\nLart ia ngrit\u00ebt vlerat k\u00ebng\u00ebs<br \/>\nK\u00ebng\u00ebs labe &#8211; vet\u00eb ila\u00e7it.<br \/>\nMe familjen &#8211; mbret\u00ebresh\u00eb<br \/>\nSi m\u00ebsuese &#8211; prind i dyt\u00eb,<br \/>\nMe shqipet &#8211; lab\u00e7en hyjnesh\u00eb<br \/>\nTa duam si t\u00eb dy syt\u00eb.<\/p>\n","protected":false},"excerpt":{"rendered":"<p>Albert HABAZAJ M\u00cbSUESJA ARTISTE M\u00ebsueses dhe k\u00ebng\u00ebtares popullore SHPRESA KAPO \u00c7ELAJ dhe, n\u00ebp\u00ebrmjet k\u00ebtyre vargjeve, &#8211; nj\u00eb tuf\u00eb me tr\u00ebndafila poetik\u00eb p\u00ebr t\u00eb gjitha m\u00ebsueset dhe grat\u00eb shqiptare, q\u00eb jan\u00eb kurora e dinjitetit njer\u00ebzor me sakrificat e tyre p\u00ebr emancipimin qytetar t\u00eb familjes dhe shoq\u00ebris\u00eb. Ikin vitet, fluturojn\u00eb Gjasht\u00ebdhjet\u00eb e gjasht\u00eb sot, Pleq\u00ebrin\u00eb nuk e [&hellip;]<\/p>\n","protected":false},"author":3,"featured_media":2717,"comment_status":"open","ping_status":"open","sticky":false,"template":"","format":"standard","meta":{"footnotes":""},"categories":[10],"tags":[],"class_list":["post-4064","post","type-post","status-publish","format-standard","has-post-thumbnail","hentry","category-poezi"],"_links":{"self":[{"href":"https:\/\/migjeni.se\/index.php\/wp-json\/wp\/v2\/posts\/4064","targetHints":{"allow":["GET"]}}],"collection":[{"href":"https:\/\/migjeni.se\/index.php\/wp-json\/wp\/v2\/posts"}],"about":[{"href":"https:\/\/migjeni.se\/index.php\/wp-json\/wp\/v2\/types\/post"}],"author":[{"embeddable":true,"href":"https:\/\/migjeni.se\/index.php\/wp-json\/wp\/v2\/users\/3"}],"replies":[{"embeddable":true,"href":"https:\/\/migjeni.se\/index.php\/wp-json\/wp\/v2\/comments?post=4064"}],"version-history":[{"count":1,"href":"https:\/\/migjeni.se\/index.php\/wp-json\/wp\/v2\/posts\/4064\/revisions"}],"predecessor-version":[{"id":4065,"href":"https:\/\/migjeni.se\/index.php\/wp-json\/wp\/v2\/posts\/4064\/revisions\/4065"}],"wp:featuredmedia":[{"embeddable":true,"href":"https:\/\/migjeni.se\/index.php\/wp-json\/wp\/v2\/media\/2717"}],"wp:attachment":[{"href":"https:\/\/migjeni.se\/index.php\/wp-json\/wp\/v2\/media?parent=4064"}],"wp:term":[{"taxonomy":"category","embeddable":true,"href":"https:\/\/migjeni.se\/index.php\/wp-json\/wp\/v2\/categories?post=4064"},{"taxonomy":"post_tag","embeddable":true,"href":"https:\/\/migjeni.se\/index.php\/wp-json\/wp\/v2\/tags?post=4064"}],"curies":[{"name":"wp","href":"https:\/\/api.w.org\/{rel}","templated":true}]}}