{"id":4068,"date":"2026-03-07T13:14:26","date_gmt":"2026-03-07T12:14:26","guid":{"rendered":"https:\/\/migjeni.se\/?p=4068"},"modified":"2026-03-07T13:14:30","modified_gmt":"2026-03-07T12:14:30","slug":"caste-poetike-me-emine-hoti-2","status":"publish","type":"post","link":"https:\/\/migjeni.se\/index.php\/2026\/03\/07\/caste-poetike-me-emine-hoti-2\/","title":{"rendered":"Caste poetike me Emine Hoti"},"content":{"rendered":"<p>Emine S. HOTI<\/p>\n<p>7 MARSI<\/p>\n<p>7 Marsin i gjith\u00eb populli e feston,<br \/>\n\u00ebsht\u00eb dita e m\u00ebsuesve zem\u00ebr bukur,<br \/>\n\u00ebsht\u00eb dita e gjuh\u00ebs, e shkoll\u00ebs shqipe,<br \/>\n\u00ebsht\u00eb dita kur ndihemi t\u00eb lumtur.<\/p>\n<p>N\u00eb k\u00ebt\u00eb dit\u00eb t\u00eb bukur t\u00eb arsimit shqiptar,<br \/>\nkujtojm\u00eb vepr\u00ebn e m\u00ebsuesve atdhetar\u00eb,<br \/>\nvepr\u00ebn e d\u00ebshmor\u00ebve t\u00eb gjuh\u00ebs shqipe,<br \/>\nq\u00eb b\u00ebn\u00eb sakrifica p\u00ebr arsimin komb\u00ebtar.<\/p>\n<p>Vepra e tyre ndrit sot n\u00eb shkollat tona,<br \/>\nata zbuan err\u00ebsir\u00ebn, soll\u00ebn drit\u00eb e dituri,<br \/>\nt\u00eb shenjt\u00eb e hyjnor\u00eb jan\u00eb emrat e tyre,<br \/>\nndaj \u00e7do 7 Mars i kujtojm\u00eb me dashuri.<\/p>\n<p>G\u00ebzojn\u00eb m\u00ebsues, nx\u00ebn\u00ebs e student\u00eb,<br \/>\nsidomos f\u00ebmij\u00ebt m\u00eb t\u00eb shtrenjtit tan\u00eb,<br \/>\nvajza edhe djem, nip\u00ebr edhe mbesa,<br \/>\nm\u00ebsueset e m\u00ebsuesit n\u00eb zemra kan\u00eb.<\/p>\n<p>G\u00ebzuar 7 Marsin m\u00ebsues t\u00eb dashur,<br \/>\npopulli yn\u00eb ju shpreh fal\u00ebnderime,<br \/>\nju jeni luft\u00ebtar\u00ebt e drit\u00ebs e t\u00eb dijes,<br \/>\njeni burime drite, ju sillni zhvillime.<\/p>\n<p>8 MARSI<\/p>\n<p>8 Marsin e p\u00ebrkujtojm\u00eb me nderim,<br \/>\np\u00ebr at\u00eb dit\u00eb shum\u00eb gra sakrifikuan,<br \/>\nbija t\u00eb planetit ton\u00eb t\u00eb kalt\u00ebr,<br \/>\nm\u00eb shum\u00eb t\u00eb drejta na dhuruan.<\/p>\n<p>Kemi vuajtur n\u00eb shekuj ne grat\u00eb,<br \/>\njet\u00ebn me mundim kemi p\u00ebrballuar,<br \/>\nme nj\u00ebra-tjetr\u00ebn jemi lidhur ngusht\u00eb,<br \/>\np\u00ebr emancipim e t\u00eb drejta kemi luftuar.<\/p>\n<p>Kemi nderuar veten dhe familjet,<br \/>\nf\u00ebmij\u00ebt kemi edukuar dhe m\u00ebsuar,<br \/>\nvajzat, djemt\u00eb, nip\u00ebrit dhe mbesat,<br \/>\nme ata, ardhm\u00ebrin\u00eb kemi garantuar.<\/p>\n<p>N\u00eb k\u00ebt\u00eb dit\u00eb pranvere, m\u00eb 8 Mars,<br \/>\nngrihet z\u00ebri p\u00ebr ty, o vyera grua,<br \/>\nti je drit\u00eb, q\u00eb Zoti i fali njer\u00ebzimit,<br \/>\nje xhevahir q\u00eb s\u2019ka t\u00eb \u00e7muar.<\/p>\n<p>Ti zhvillon jet\u00ebn njer\u00ebzore,<br \/>\nrrit t\u00eb vegjlit me duar t\u00eb ngrohta,<br \/>\nti e mban familjen t\u00eb fort\u00eb si kala,<br \/>\npa ty, s`do t\u00eb ekzistonte bota!<\/p>\n","protected":false},"excerpt":{"rendered":"<p>Emine S. HOTI 7 MARSI 7 Marsin i gjith\u00eb populli e feston, \u00ebsht\u00eb dita e m\u00ebsuesve zem\u00ebr bukur, \u00ebsht\u00eb dita e gjuh\u00ebs, e shkoll\u00ebs shqipe, \u00ebsht\u00eb dita kur ndihemi t\u00eb lumtur. N\u00eb k\u00ebt\u00eb dit\u00eb t\u00eb bukur t\u00eb arsimit shqiptar, kujtojm\u00eb vepr\u00ebn e m\u00ebsuesve atdhetar\u00eb, vepr\u00ebn e d\u00ebshmor\u00ebve t\u00eb gjuh\u00ebs shqipe, q\u00eb b\u00ebn\u00eb sakrifica p\u00ebr arsimin [&hellip;]<\/p>\n","protected":false},"author":3,"featured_media":3380,"comment_status":"open","ping_status":"open","sticky":false,"template":"","format":"standard","meta":{"footnotes":""},"categories":[10],"tags":[],"class_list":["post-4068","post","type-post","status-publish","format-standard","has-post-thumbnail","hentry","category-poezi"],"_links":{"self":[{"href":"https:\/\/migjeni.se\/index.php\/wp-json\/wp\/v2\/posts\/4068","targetHints":{"allow":["GET"]}}],"collection":[{"href":"https:\/\/migjeni.se\/index.php\/wp-json\/wp\/v2\/posts"}],"about":[{"href":"https:\/\/migjeni.se\/index.php\/wp-json\/wp\/v2\/types\/post"}],"author":[{"embeddable":true,"href":"https:\/\/migjeni.se\/index.php\/wp-json\/wp\/v2\/users\/3"}],"replies":[{"embeddable":true,"href":"https:\/\/migjeni.se\/index.php\/wp-json\/wp\/v2\/comments?post=4068"}],"version-history":[{"count":1,"href":"https:\/\/migjeni.se\/index.php\/wp-json\/wp\/v2\/posts\/4068\/revisions"}],"predecessor-version":[{"id":4069,"href":"https:\/\/migjeni.se\/index.php\/wp-json\/wp\/v2\/posts\/4068\/revisions\/4069"}],"wp:featuredmedia":[{"embeddable":true,"href":"https:\/\/migjeni.se\/index.php\/wp-json\/wp\/v2\/media\/3380"}],"wp:attachment":[{"href":"https:\/\/migjeni.se\/index.php\/wp-json\/wp\/v2\/media?parent=4068"}],"wp:term":[{"taxonomy":"category","embeddable":true,"href":"https:\/\/migjeni.se\/index.php\/wp-json\/wp\/v2\/categories?post=4068"},{"taxonomy":"post_tag","embeddable":true,"href":"https:\/\/migjeni.se\/index.php\/wp-json\/wp\/v2\/tags?post=4068"}],"curies":[{"name":"wp","href":"https:\/\/api.w.org\/{rel}","templated":true}]}}