{"id":4070,"date":"2026-03-07T19:11:16","date_gmt":"2026-03-07T18:11:16","guid":{"rendered":"https:\/\/migjeni.se\/?p=4070"},"modified":"2026-03-08T22:02:08","modified_gmt":"2026-03-08T21:02:08","slug":"mbremje-poetike-per-7-mars-me-albert-habazaj","status":"publish","type":"post","link":"https:\/\/migjeni.se\/index.php\/2026\/03\/07\/mbremje-poetike-per-7-mars-me-albert-habazaj\/","title":{"rendered":"Mbr\u00ebmje poetike p\u00ebr 7 Mars me ALBERT HABAZAJ"},"content":{"rendered":"<p>ALBERT HABAZAJ<\/p>\n<p>M\u00cbSUESI &#8211; MISIONAR DRITE<br \/>\n\u201cVlera e m\u00ebsuesit dhe pesha e qiellit nuk maten kurr\u00eb\u201d (Konfuci)<\/p>\n<p>Kur nx\u00ebn\u00ebs ne kemi qen\u00eb<br \/>\nM\u00ebsuesi quhej prind i dyt\u00eb,<br \/>\nDinjiteti i tyre kishte vler\u00eb,<br \/>\nSi m\u00ebsuesit s\u2019kishte t\u00eb dyt\u00eb.<br \/>\nAta qen\u00eb t\u00eb men\u00e7ur shum\u00eb,<br \/>\nQen\u00eb si male hyjnor\u00eb,<br \/>\nAta qen\u00eb diell n\u00eb furtun\u00eb,<br \/>\nNj\u00eb nga nj\u00eb u b\u00ebn\u2019 meteor\u00eb.<br \/>\nM\u00ebsuesit m\u00eb ik\u00ebn nj\u00eb nga nj\u00eb,<br \/>\nFisnik\u00ebt e mi t\u00eb lart\u00eb,<br \/>\nI kam, dhe pse s\u2019ua d\u00ebgjoj at\u00eb z\u00eb,<br \/>\nN\u00eb frym\u00ebmarrjen time dit\u2019 e nat\u00eb.<br \/>\nKu t\u2019i gjej t\u2019u puth fjal\u00ebn<br \/>\nSi\u00e7 puth Dheun e Flamurin,<br \/>\nSi bregu i detit pret val\u00ebn<br \/>\nPres urt\u00ebsin\u00eb e tyre t\u00eb Burrit.<br \/>\nMrekulli mund t\u00eb ndodh\u00eb v\u00ebrtet<br \/>\nT\u00eb b\u00ebhem sa nj\u00eb e mijta e tyre,<br \/>\nAta erdh\u00ebn e ik\u00ebn profet\u00eb,<br \/>\nDhe zbukurojn\u00eb qiellin me yje.<br \/>\nNderim m\u00ebsuesve t\u00eb mi<br \/>\nM\u00eb t\u00eb mir\u00ebve n\u00eb bot\u00eb,<br \/>\nBaras qen\u00eb me Per\u00ebndi,<br \/>\nDiell q\u00eb thyen \u00e7do shqot\u00eb.<\/p>\n","protected":false},"excerpt":{"rendered":"<p>ALBERT HABAZAJ M\u00cbSUESI &#8211; MISIONAR DRITE \u201cVlera e m\u00ebsuesit dhe pesha e qiellit nuk maten kurr\u00eb\u201d (Konfuci) Kur nx\u00ebn\u00ebs ne kemi qen\u00eb M\u00ebsuesi quhej prind i dyt\u00eb, Dinjiteti i tyre kishte vler\u00eb, Si m\u00ebsuesit s\u2019kishte t\u00eb dyt\u00eb. Ata qen\u00eb t\u00eb men\u00e7ur shum\u00eb, Qen\u00eb si male hyjnor\u00eb, Ata qen\u00eb diell n\u00eb furtun\u00eb, Nj\u00eb nga nj\u00eb u [&hellip;]<\/p>\n","protected":false},"author":3,"featured_media":2717,"comment_status":"open","ping_status":"open","sticky":false,"template":"","format":"standard","meta":{"footnotes":""},"categories":[10],"tags":[],"class_list":["post-4070","post","type-post","status-publish","format-standard","has-post-thumbnail","hentry","category-poezi"],"_links":{"self":[{"href":"https:\/\/migjeni.se\/index.php\/wp-json\/wp\/v2\/posts\/4070","targetHints":{"allow":["GET"]}}],"collection":[{"href":"https:\/\/migjeni.se\/index.php\/wp-json\/wp\/v2\/posts"}],"about":[{"href":"https:\/\/migjeni.se\/index.php\/wp-json\/wp\/v2\/types\/post"}],"author":[{"embeddable":true,"href":"https:\/\/migjeni.se\/index.php\/wp-json\/wp\/v2\/users\/3"}],"replies":[{"embeddable":true,"href":"https:\/\/migjeni.se\/index.php\/wp-json\/wp\/v2\/comments?post=4070"}],"version-history":[{"count":1,"href":"https:\/\/migjeni.se\/index.php\/wp-json\/wp\/v2\/posts\/4070\/revisions"}],"predecessor-version":[{"id":4071,"href":"https:\/\/migjeni.se\/index.php\/wp-json\/wp\/v2\/posts\/4070\/revisions\/4071"}],"wp:featuredmedia":[{"embeddable":true,"href":"https:\/\/migjeni.se\/index.php\/wp-json\/wp\/v2\/media\/2717"}],"wp:attachment":[{"href":"https:\/\/migjeni.se\/index.php\/wp-json\/wp\/v2\/media?parent=4070"}],"wp:term":[{"taxonomy":"category","embeddable":true,"href":"https:\/\/migjeni.se\/index.php\/wp-json\/wp\/v2\/categories?post=4070"},{"taxonomy":"post_tag","embeddable":true,"href":"https:\/\/migjeni.se\/index.php\/wp-json\/wp\/v2\/tags?post=4070"}],"curies":[{"name":"wp","href":"https:\/\/api.w.org\/{rel}","templated":true}]}}