{"id":4075,"date":"2026-03-10T14:25:49","date_gmt":"2026-03-10T13:25:49","guid":{"rendered":"https:\/\/migjeni.se\/?p=4075"},"modified":"2026-03-10T14:25:53","modified_gmt":"2026-03-10T13:25:53","slug":"pasdite-poetike-me-emine-s-hoti","status":"publish","type":"post","link":"https:\/\/migjeni.se\/index.php\/2026\/03\/10\/pasdite-poetike-me-emine-s-hoti\/","title":{"rendered":"Pasdite poetike me Emine S. HOTI"},"content":{"rendered":"<p>Emine S. HOTI<\/p>\n<p>N\u00ebna<\/p>\n<p>N\u00ebna \u00ebsht\u00eb simbol i gjith\u00ebsis\u00eb,<br \/>\najo na ka lindur e na ka sjell\u00eb n\u00eb jet\u00eb,<br \/>\najo ka q\u00ebllim lumturin\u00eb e f\u00ebmij\u00ebve,<br \/>\np\u00ebr f\u00ebmij\u00ebt sakrifikon dhe jet\u00ebn e vet\u00eb.<\/p>\n<p>N\u00ebna g\u00ebzohet kur g\u00ebzojn\u00eb f\u00ebmij\u00ebt,<br \/>\nlumturia e tyre e lumturon dhe at\u00eb,<br \/>\nf\u00ebmij\u00ebt e ndiejn\u00eb pran\u00eb n\u00eb \u00e7do hap,<br \/>\nn\u00eb zemr\u00ebn e tyre ajo \u00ebsht\u00eb gjithnj\u00eb.<\/p>\n<p>F\u00ebmij\u00ebt duhet ta kuptojn\u00eb n\u00ebn\u00ebn,<br \/>\nta respektojn\u00eb e ta duan gjithmon\u00eb,<br \/>\n\u00e7do \u00e7ast, ajo mendon p\u00ebr f\u00ebmij\u00ebt,<br \/>\nn\u00eb \u00e7do rrezik i mbron si shqiponj\u00eb.<\/p>\n<p>N\u00ebn\u00ebn asnj\u00ebher\u00eb mos e n\u00ebnvler\u00ebso,<br \/>\nvler\u00ebsoje, fali kujdes dhe dashuri,<br \/>\nsido q\u00eb t\u00eb rrjedh\u00eb jeta n\u00eb k\u00ebt\u00eb bot\u00eb,<br \/>\nzemra e saj rreh vet\u00ebm p\u00ebr ty.<\/p>\n<p>Kur themi N\u00cbN\u00cb ne kemi th\u00ebn\u00eb gjith\u00e7ka,<br \/>\najo \u00ebsht\u00eb njeriu m\u00eb i shtrenjt\u00eb n\u00eb bot\u00eb,<br \/>\n\u00ebsht\u00eb humanizmi, paqja dhe vet mir\u00ebsia,<br \/>\nn\u00ebna p\u00ebr f\u00ebmij\u00ebn \u00ebsht\u00eb si dielli n\u00eb tok\u00eb.<\/p>\n","protected":false},"excerpt":{"rendered":"<p>Emine S. HOTI N\u00ebna N\u00ebna \u00ebsht\u00eb simbol i gjith\u00ebsis\u00eb, ajo na ka lindur e na ka sjell\u00eb n\u00eb jet\u00eb, ajo ka q\u00ebllim lumturin\u00eb e f\u00ebmij\u00ebve, p\u00ebr f\u00ebmij\u00ebt sakrifikon dhe jet\u00ebn e vet\u00eb. N\u00ebna g\u00ebzohet kur g\u00ebzojn\u00eb f\u00ebmij\u00ebt, lumturia e tyre e lumturon dhe at\u00eb, f\u00ebmij\u00ebt e ndiejn\u00eb pran\u00eb n\u00eb \u00e7do hap, n\u00eb zemr\u00ebn e tyre [&hellip;]<\/p>\n","protected":false},"author":3,"featured_media":3380,"comment_status":"open","ping_status":"open","sticky":false,"template":"","format":"standard","meta":{"footnotes":""},"categories":[10],"tags":[],"class_list":["post-4075","post","type-post","status-publish","format-standard","has-post-thumbnail","hentry","category-poezi"],"_links":{"self":[{"href":"https:\/\/migjeni.se\/index.php\/wp-json\/wp\/v2\/posts\/4075","targetHints":{"allow":["GET"]}}],"collection":[{"href":"https:\/\/migjeni.se\/index.php\/wp-json\/wp\/v2\/posts"}],"about":[{"href":"https:\/\/migjeni.se\/index.php\/wp-json\/wp\/v2\/types\/post"}],"author":[{"embeddable":true,"href":"https:\/\/migjeni.se\/index.php\/wp-json\/wp\/v2\/users\/3"}],"replies":[{"embeddable":true,"href":"https:\/\/migjeni.se\/index.php\/wp-json\/wp\/v2\/comments?post=4075"}],"version-history":[{"count":1,"href":"https:\/\/migjeni.se\/index.php\/wp-json\/wp\/v2\/posts\/4075\/revisions"}],"predecessor-version":[{"id":4076,"href":"https:\/\/migjeni.se\/index.php\/wp-json\/wp\/v2\/posts\/4075\/revisions\/4076"}],"wp:featuredmedia":[{"embeddable":true,"href":"https:\/\/migjeni.se\/index.php\/wp-json\/wp\/v2\/media\/3380"}],"wp:attachment":[{"href":"https:\/\/migjeni.se\/index.php\/wp-json\/wp\/v2\/media?parent=4075"}],"wp:term":[{"taxonomy":"category","embeddable":true,"href":"https:\/\/migjeni.se\/index.php\/wp-json\/wp\/v2\/categories?post=4075"},{"taxonomy":"post_tag","embeddable":true,"href":"https:\/\/migjeni.se\/index.php\/wp-json\/wp\/v2\/tags?post=4075"}],"curies":[{"name":"wp","href":"https:\/\/api.w.org\/{rel}","templated":true}]}}