{"id":4079,"date":"2026-03-10T22:50:00","date_gmt":"2026-03-10T21:50:00","guid":{"rendered":"https:\/\/migjeni.se\/?p=4079"},"modified":"2026-03-12T19:04:31","modified_gmt":"2026-03-12T18:04:31","slug":"mbremje-poetike-me-vargjet-e-elvira-zeneli-2","status":"publish","type":"post","link":"https:\/\/migjeni.se\/index.php\/2026\/03\/10\/mbremje-poetike-me-vargjet-e-elvira-zeneli-2\/","title":{"rendered":"Mbr\u00ebmje poetike me vargjet e Elvira Zeneli"},"content":{"rendered":"<p>Elvira Zeneli<\/p>\n<p>K\u00ebmisha e buz\u00ebqeshjes sate<\/p>\n<p>K\u00ebt\u00eb mbr\u00ebmje<br \/>\nvesha k\u00ebmish\u00ebn e buz\u00ebqeshjes sate.<br \/>\nJo \u00e7do \u201ce dashur\u201d di<br \/>\nt\u00eb qep\u00eb trille kaq t\u00eb brishta mbi nj\u00eb zem\u00ebr.<\/p>\n<p>Ajo u shqep ngadal\u00eb<br \/>\ndhe prej saj doli trupi im,<br \/>\ni fshehur aty brenda prej koh\u00ebsh,<br \/>\nsi nj\u00eb mendim q\u00eb k\u00ebrkon t\u00eb b\u00ebhet frym\u00eb.<\/p>\n<p>Ti nuk m\u00eb b\u00ebre dot t\u00eb qesh<br \/>\nsado u p\u00ebrpoqe k\u00ebt\u00eb mbr\u00ebmje;<br \/>\nkurr\u00eb s\u2019kisha veshur nj\u00eb k\u00ebmish\u00eb kaq t\u00eb r\u00ebnd\u00eb,<br \/>\nas nj\u00eb heshtje kaq t\u00eb thell\u00eb sa e jotja.<\/p>\n<p>Sepse dashuria, ndoshta,<br \/>\n\u00ebsht\u00eb vet\u00ebm nj\u00eb m\u00ebnyr\u00eb p\u00ebr t\u2019u zbuluar<br \/>\nlpara shpirtit t\u00eb tjetrit,<br \/>\npa frik\u00eb nga nata q\u00eb na rrethon.<\/p>\n<p>Dhe n\u00eb err\u00ebsir\u00ebn q\u00eb mbeti mes nesh<br \/>\npash\u00eb nj\u00eb drit\u00eb t\u00eb vog\u00ebl n\u00eb syt\u00eb e tu;<br \/>\ne vesha s\u00ebrish buz\u00ebqeshjen sate mbi l\u00ebkur\u00eb,<br \/>\nsi nj\u00eb p\u00ebrqafim q\u00eb m\u00eb m\u00ebson \u00e7do nat\u00eb t\u00eb rilind.<\/p>\n","protected":false},"excerpt":{"rendered":"<p>Elvira Zeneli K\u00ebmisha e buz\u00ebqeshjes sate K\u00ebt\u00eb mbr\u00ebmje vesha k\u00ebmish\u00ebn e buz\u00ebqeshjes sate. Jo \u00e7do \u201ce dashur\u201d di t\u00eb qep\u00eb trille kaq t\u00eb brishta mbi nj\u00eb zem\u00ebr. Ajo u shqep ngadal\u00eb dhe prej saj doli trupi im, i fshehur aty brenda prej koh\u00ebsh, si nj\u00eb mendim q\u00eb k\u00ebrkon t\u00eb b\u00ebhet frym\u00eb. Ti nuk m\u00eb b\u00ebre [&hellip;]<\/p>\n","protected":false},"author":3,"featured_media":4080,"comment_status":"open","ping_status":"open","sticky":false,"template":"","format":"standard","meta":{"footnotes":""},"categories":[10],"tags":[],"class_list":["post-4079","post","type-post","status-publish","format-standard","has-post-thumbnail","hentry","category-poezi"],"_links":{"self":[{"href":"https:\/\/migjeni.se\/index.php\/wp-json\/wp\/v2\/posts\/4079","targetHints":{"allow":["GET"]}}],"collection":[{"href":"https:\/\/migjeni.se\/index.php\/wp-json\/wp\/v2\/posts"}],"about":[{"href":"https:\/\/migjeni.se\/index.php\/wp-json\/wp\/v2\/types\/post"}],"author":[{"embeddable":true,"href":"https:\/\/migjeni.se\/index.php\/wp-json\/wp\/v2\/users\/3"}],"replies":[{"embeddable":true,"href":"https:\/\/migjeni.se\/index.php\/wp-json\/wp\/v2\/comments?post=4079"}],"version-history":[{"count":1,"href":"https:\/\/migjeni.se\/index.php\/wp-json\/wp\/v2\/posts\/4079\/revisions"}],"predecessor-version":[{"id":4081,"href":"https:\/\/migjeni.se\/index.php\/wp-json\/wp\/v2\/posts\/4079\/revisions\/4081"}],"wp:featuredmedia":[{"embeddable":true,"href":"https:\/\/migjeni.se\/index.php\/wp-json\/wp\/v2\/media\/4080"}],"wp:attachment":[{"href":"https:\/\/migjeni.se\/index.php\/wp-json\/wp\/v2\/media?parent=4079"}],"wp:term":[{"taxonomy":"category","embeddable":true,"href":"https:\/\/migjeni.se\/index.php\/wp-json\/wp\/v2\/categories?post=4079"},{"taxonomy":"post_tag","embeddable":true,"href":"https:\/\/migjeni.se\/index.php\/wp-json\/wp\/v2\/tags?post=4079"}],"curies":[{"name":"wp","href":"https:\/\/api.w.org\/{rel}","templated":true}]}}