{"id":4088,"date":"2026-03-13T18:31:35","date_gmt":"2026-03-13T17:31:35","guid":{"rendered":"https:\/\/migjeni.se\/?p=4088"},"modified":"2026-03-13T18:31:38","modified_gmt":"2026-03-13T17:31:38","slug":"mbremje-poetike-me-gjelina-maci-keci-2","status":"publish","type":"post","link":"https:\/\/migjeni.se\/index.php\/2026\/03\/13\/mbremje-poetike-me-gjelina-maci-keci-2\/","title":{"rendered":"Mbr\u00ebmje poetike me Gjelina Ma\u00e7i Ke\u00e7i"},"content":{"rendered":"<p>Gjelina Ma\u00e7i Ke\u00e7i<\/p>\n<p>GRUA , MOS QOFSH GJETHE VJESHTE !<\/p>\n<p>Si mund t\u00eb ngresh dor\u00eb mbi nj\u00eb grua<br \/>\nKur n\u00eb krah t\u00eb saj ti u b\u00ebre burr\u00eb?<br \/>\nSa here n\u00eb jet\u00eb i the e t\u00eb tha \u201cT\u00eb dua \u201c<br \/>\nSikur ke n\u00eb vend t\u00eb zemr\u00ebs vet\u00ebm nj\u00eb gur .<\/p>\n<p>Si mund t\u00eb vritet ajo q\u00eb jet\u00eb fal n\u00eb p\u00ebrjet\u00ebsi?<br \/>\n\u00cbsht\u00eb qenie e brisht\u00eb, por si stuhi e fort\u00eb<br \/>\nAjo q\u00eb bot\u00ebn t\u00ebnde e p\u00ebrkund me dashuri<br \/>\n\u00cbsht\u00eb q\u00ebllimi m\u00eb i bukur i jet\u00ebs n\u00eb tok\u00eb .<\/p>\n<p>O dhimbje, hesht ligji, heshtim edhe ne<br \/>\nVriten grat\u00eb shqiptare si pa t\u00eb keq p\u00ebrdit\u00eb<br \/>\nN\u00eb qiell t\u00eb hapur goditen si rrufe<br \/>\nBurrat jet\u00ebs s\u00eb tyre shpesh i b\u00ebjn\u00eb prit\u00eb.<\/p>\n<p>N\u00eb vendin t\u00ebnd e n\u00eb vendin tim<br \/>\nGruaja mos qoft\u00eb nj\u00eb gjethe vjeshte<br \/>\nT\u00eb vras\u00ebsh at\u00eb \u00ebsht\u00eb m\u00eb i madhi krim<br \/>\nEdhe pse dikur shum\u00eb e deshe .<\/p>\n<p>N\u00eb vendin t\u00ebnd e n\u00eb vendin tim<br \/>\nN\u00ebse dhun\u00ebn dikush e kund\u00ebrshton<br \/>\nRob\u00ebrimi njer\u00ebzor b\u00ebhet detyrim<br \/>\nE vet\u00ebm me jet\u00eb gruaja at\u00eb e pagon.<\/p>\n<p>N\u00eb vendin t\u00ebnd e n\u00eb vendin tim<br \/>\nT\u2019i vras\u00ebsh n\u00ebn\u00ebn nuk \u00ebsht\u00eb asgj\u00eb<br \/>\nKrejt normale t\u00eb lesh f\u00ebmij\u00ebn jetim<br \/>\nJeta t\u00eb pritet n\u00eb mes, po b\u00ebre z\u00eb.<\/p>\n<p>Fem\u00ebr; ti bot\u00ebn e madhe mban n\u00eb duar<br \/>\nNdaj mos tolero dhun\u00ebn mbi ty kurr\u00eb<br \/>\nNuk je lindur p\u00ebr t\u2019u vrar\u00eb e masakruar<br \/>\nAi q\u00eb dor\u00ebn ngre mbi ty, nuk \u00ebsht\u00eb burr\u00eb.<\/p>\n","protected":false},"excerpt":{"rendered":"<p>Gjelina Ma\u00e7i Ke\u00e7i GRUA , MOS QOFSH GJETHE VJESHTE ! Si mund t\u00eb ngresh dor\u00eb mbi nj\u00eb grua Kur n\u00eb krah t\u00eb saj ti u b\u00ebre burr\u00eb? Sa here n\u00eb jet\u00eb i the e t\u00eb tha \u201cT\u00eb dua \u201c Sikur ke n\u00eb vend t\u00eb zemr\u00ebs vet\u00ebm nj\u00eb gur . Si mund t\u00eb vritet ajo q\u00eb [&hellip;]<\/p>\n","protected":false},"author":3,"featured_media":4089,"comment_status":"open","ping_status":"open","sticky":false,"template":"","format":"standard","meta":{"footnotes":""},"categories":[10],"tags":[],"class_list":["post-4088","post","type-post","status-publish","format-standard","has-post-thumbnail","hentry","category-poezi"],"_links":{"self":[{"href":"https:\/\/migjeni.se\/index.php\/wp-json\/wp\/v2\/posts\/4088","targetHints":{"allow":["GET"]}}],"collection":[{"href":"https:\/\/migjeni.se\/index.php\/wp-json\/wp\/v2\/posts"}],"about":[{"href":"https:\/\/migjeni.se\/index.php\/wp-json\/wp\/v2\/types\/post"}],"author":[{"embeddable":true,"href":"https:\/\/migjeni.se\/index.php\/wp-json\/wp\/v2\/users\/3"}],"replies":[{"embeddable":true,"href":"https:\/\/migjeni.se\/index.php\/wp-json\/wp\/v2\/comments?post=4088"}],"version-history":[{"count":1,"href":"https:\/\/migjeni.se\/index.php\/wp-json\/wp\/v2\/posts\/4088\/revisions"}],"predecessor-version":[{"id":4090,"href":"https:\/\/migjeni.se\/index.php\/wp-json\/wp\/v2\/posts\/4088\/revisions\/4090"}],"wp:featuredmedia":[{"embeddable":true,"href":"https:\/\/migjeni.se\/index.php\/wp-json\/wp\/v2\/media\/4089"}],"wp:attachment":[{"href":"https:\/\/migjeni.se\/index.php\/wp-json\/wp\/v2\/media?parent=4088"}],"wp:term":[{"taxonomy":"category","embeddable":true,"href":"https:\/\/migjeni.se\/index.php\/wp-json\/wp\/v2\/categories?post=4088"},{"taxonomy":"post_tag","embeddable":true,"href":"https:\/\/migjeni.se\/index.php\/wp-json\/wp\/v2\/tags?post=4088"}],"curies":[{"name":"wp","href":"https:\/\/api.w.org\/{rel}","templated":true}]}}