{"id":4092,"date":"2026-03-13T22:28:51","date_gmt":"2026-03-13T21:28:51","guid":{"rendered":"https:\/\/migjeni.se\/?p=4092"},"modified":"2026-03-13T22:28:55","modified_gmt":"2026-03-13T21:28:55","slug":"mbremje-poetike-me-vargjet-e-gladiola-jorbus","status":"publish","type":"post","link":"https:\/\/migjeni.se\/index.php\/2026\/03\/13\/mbremje-poetike-me-vargjet-e-gladiola-jorbus\/","title":{"rendered":"Mbr\u00ebmje poetike me vargjet e Gladiola Jorbus"},"content":{"rendered":"<p>Gladiola Jorbus<\/p>\n<p><strong>Quo vadis, mundus?<\/strong><\/p>\n<p>N\u00ebp\u00ebr harta, qytetet<br \/>\njan\u00eb shnd\u00ebrruar n\u00eb sh\u00ebnjestra.<br \/>\nEra sjell lajme pluhuri e zjarri.<br \/>\nKu po shkon, o bot\u00eb,<br \/>\nme kaq plag\u00eb mbi supe<br \/>\nme kaq dhembje n\u00eb zem\u00ebr?<\/p>\n<p>F\u00ebmij\u00ebt duan t\u00eb lozin me \u00ebndrra,<br \/>\nn\u00eb rrug\u00ebt e lakuara si pik\u00ebpyetje.<br \/>\nNjer\u00ebzit ecin si hije t\u00eb lodhura,<br \/>\nduke mbajtur shpres\u00ebn<br \/>\nn\u00eb xhepa t\u00eb grisur.<\/p>\n<p>Kur do t\u00eb zgjohemi<br \/>\nn\u00ebn nj\u00eb qiell t\u00eb paqt\u00eb,<br \/>\nku krah\u00ebt e n\u00ebnave<br \/>\nt\u00eb mbushen plot e p\u00ebrplot<br \/>\nme p\u00ebrqafimet e f\u00ebmij\u00ebve.<br \/>\nDhe fjala luft\u00eb t\u00eb ekzistoj\u00eb<br \/>\nvet\u00ebm n\u00eb fjalor\u00eb, ashtu<br \/>\nsi lugat\u00ebt, shtrigat dhe dinosaur\u00ebt.<\/p>\n<p>Quo vadis, mundus?<\/p>\n<p>&nbsp;<\/p>\n<p><strong>Alter ego<\/strong><\/p>\n<p>Nuk e di<br \/>\nt\u00eb iki apo t\u00eb kthehem?!<br \/>\n\u00c7do hap m\u00eb kthen pas,<br \/>\n\u00e7do kthim m\u00eb shtyn m\u00eb tej.<\/p>\n<p>Hapat ting\u00ebllojn\u00eb si t\u00eb huaj.<br \/>\nNj\u00eb zhurm\u00eb q\u00eb s\u2019e njoh,<br \/>\npor mua m\u00eb p\u00ebrket.<\/p>\n<p>Fytyra ime,<br \/>\nas qesh, as qan.<br \/>\nVet\u00ebm pulson<br \/>\nn\u00eb rrudhat e heshtjes.<\/p>\n<p>A \u00ebsht\u00eb kjo munges\u00eb,<br \/>\napo tejmbushje e shpirtit?<br \/>\nA jam un\u00eb<br \/>\napo \u00ebsht\u00eb hija ime?<\/p>\n<p>N\u00eb k\u00ebt\u00eb turbullir\u00eb,<br \/>\ngjith\u00e7ka duket pran\u00eb.<br \/>\nDor\u00ebn shtrij ta prek,<br \/>\npor zhduket sakaq.<\/p>\n<p>Si nj\u00eb \u00ebnd\u00ebrr m\u00eb sheh,<br \/>\nkur jam zgjuar.<br \/>\nSi nj\u00eb klithm\u00eb,<br \/>\nm\u00eb sjell dhembjen,<br \/>\npa e ftuar.<\/p>\n","protected":false},"excerpt":{"rendered":"<p>Gladiola Jorbus Quo vadis, mundus? N\u00ebp\u00ebr harta, qytetet jan\u00eb shnd\u00ebrruar n\u00eb sh\u00ebnjestra. Era sjell lajme pluhuri e zjarri. Ku po shkon, o bot\u00eb, me kaq plag\u00eb mbi supe me kaq dhembje n\u00eb zem\u00ebr? F\u00ebmij\u00ebt duan t\u00eb lozin me \u00ebndrra, n\u00eb rrug\u00ebt e lakuara si pik\u00ebpyetje. Njer\u00ebzit ecin si hije t\u00eb lodhura, duke mbajtur shpres\u00ebn n\u00eb [&hellip;]<\/p>\n","protected":false},"author":3,"featured_media":4093,"comment_status":"open","ping_status":"open","sticky":false,"template":"","format":"standard","meta":{"footnotes":""},"categories":[10],"tags":[],"class_list":["post-4092","post","type-post","status-publish","format-standard","has-post-thumbnail","hentry","category-poezi"],"_links":{"self":[{"href":"https:\/\/migjeni.se\/index.php\/wp-json\/wp\/v2\/posts\/4092","targetHints":{"allow":["GET"]}}],"collection":[{"href":"https:\/\/migjeni.se\/index.php\/wp-json\/wp\/v2\/posts"}],"about":[{"href":"https:\/\/migjeni.se\/index.php\/wp-json\/wp\/v2\/types\/post"}],"author":[{"embeddable":true,"href":"https:\/\/migjeni.se\/index.php\/wp-json\/wp\/v2\/users\/3"}],"replies":[{"embeddable":true,"href":"https:\/\/migjeni.se\/index.php\/wp-json\/wp\/v2\/comments?post=4092"}],"version-history":[{"count":1,"href":"https:\/\/migjeni.se\/index.php\/wp-json\/wp\/v2\/posts\/4092\/revisions"}],"predecessor-version":[{"id":4094,"href":"https:\/\/migjeni.se\/index.php\/wp-json\/wp\/v2\/posts\/4092\/revisions\/4094"}],"wp:featuredmedia":[{"embeddable":true,"href":"https:\/\/migjeni.se\/index.php\/wp-json\/wp\/v2\/media\/4093"}],"wp:attachment":[{"href":"https:\/\/migjeni.se\/index.php\/wp-json\/wp\/v2\/media?parent=4092"}],"wp:term":[{"taxonomy":"category","embeddable":true,"href":"https:\/\/migjeni.se\/index.php\/wp-json\/wp\/v2\/categories?post=4092"},{"taxonomy":"post_tag","embeddable":true,"href":"https:\/\/migjeni.se\/index.php\/wp-json\/wp\/v2\/tags?post=4092"}],"curies":[{"name":"wp","href":"https:\/\/api.w.org\/{rel}","templated":true}]}}