{"id":4095,"date":"2026-03-14T16:02:45","date_gmt":"2026-03-14T15:02:45","guid":{"rendered":"https:\/\/migjeni.se\/?p=4095"},"modified":"2026-03-14T16:02:48","modified_gmt":"2026-03-14T15:02:48","slug":"pergatiti-gladiola-jorbus-dita-e-veres","status":"publish","type":"post","link":"https:\/\/migjeni.se\/index.php\/2026\/03\/14\/pergatiti-gladiola-jorbus-dita-e-veres\/","title":{"rendered":"P\u00ebrgatiti: Gladiola Jorbus &#8211; Dita e Ver\u00ebs"},"content":{"rendered":"<p><strong>P\u00ebrgatiti: Gladiola Jorbus<\/strong><\/p>\n<p><strong>\u00a0\u00a0\u00a0\u00a0\u00a0\u00a0\u00a0\u00a0\u00a0\u00a0\u00a0\u00a0\u00a0\u00a0\u00a0\u00a0\u00a0\u00a0\u00a0\u00a0\u00a0\u00a0\u00a0\u00a0\u00a0 \u00a0\u00a0\u00a0<\/strong><strong>Dita e Ver\u00ebs<\/strong><\/p>\n<p><strong><em>\u00a0 \u00a0\u00a0\u00a0<\/em><\/strong><strong><em>Festa pagane shqiptare \u2013 Historia, traditat dhe m\u00ebnyra si festohet<\/em><\/strong><\/p>\n<p>Dita e Ver\u00ebs \u00ebsht\u00eb nj\u00eb nga festat m\u00eb t\u00eb vjetra pagane shqiptare, e rr\u00ebnjosur n\u00eb traditat ilire dhe e festuar \u00e7do 14 mars si simbol i ringjalljes s\u00eb natyr\u00ebs dhe ardhjes s\u00eb stin\u00ebs s\u00eb ngroht\u00eb. Ajo mbetet nj\u00eb fest\u00eb unike n\u00eb vend, me qendr\u00ebn tradicionale n\u00eb Elbasan, ku atmosfera \u00ebsht\u00eb m\u00eb e gjall\u00eb dhe ku prodhohet ballokumja e famshme.<\/p>\n<p>Dita e Ver\u00ebs u ka mbijetuar shekujve pavar\u00ebsisht ndryshimeve fetare dhe politike. Kjo \u00ebsht\u00eb fest\u00eb me rr\u00ebnj\u00eb pagane ilire, e cila lidhet me kultet e lashta t\u00eb diellit, natyr\u00ebs dhe pjelloris\u00eb. Ajo sh\u00ebnonte fundin e dimrit dhe fillimin e \u201cver\u00ebs\u201d sipas kalendarit t\u00eb vjet\u00ebr shqiptar, ku viti ndahej n\u00eb dy stin\u00eb: dim\u00ebr dhe ver\u00eb. Data 14 mars p\u00ebrkon me 1 marsin e kalendarit Julian, q\u00eb n\u00eb tradit\u00ebn e vjet\u00ebr ishte dita e par\u00eb e vitit t\u00eb ri natyror.<\/p>\n<p>Qendra historike: Elbasani, i njohur n\u00eb antikitet si Valm, qyteti ka ruajtur m\u00eb shum\u00eb se \u00e7do vend tjet\u00ebr ritin e fest\u00ebs, duke e kthyer n\u00eb simbol komb\u00ebtar. Zjarret e pastrimit ndizeshin nga familjet q\u00eb n\u00eb lasht\u00ebsi, p\u00ebr t\u00eb \u201cforcuar diellin\u201d dhe p\u00ebr t\u00eb larguar energjit\u00eb e k\u00ebqija. Ky rit \u00ebsht\u00eb ruajtur pjes\u00ebrisht edhe sot. N\u00eb disa zona ende ndizet nj\u00eb zjarr i vog\u00ebl ku f\u00ebmij\u00ebt k\u00ebrcejn\u00eb p\u00ebr fat t\u00eb mbar\u00eb.<\/p>\n<p>Parada, aktivitete kulturore dhe koncerte n\u00eb qytetet kryesore zhvillohen kryesisht n\u00eb Elbasan, Tiran\u00eb dhe Durr\u00ebs. Rrug\u00ebt zbukurohen me stoli pranverore si lule, ngjyra dhe dekorime simbolike.<\/p>\n<p>Ballokumja mbetet simboli i fest\u00ebs. Ajo \u00ebsht\u00eb nj\u00eb \u00ebmb\u00eblsir\u00eb tradicionale elbasanase e b\u00ebr\u00eb me miell misri, gjalp\u00eb, sheqer dhe vez\u00eb. Ballokumja konsiderohet \u201cmbret\u00ebresha\u201d e Dit\u00ebs s\u00eb Ver\u00ebs dhe \u00ebsht\u00eb e pandashme nga festa. Simbole t\u00eb tjera jan\u00eb verorja, nj\u00eb fill i kuq e i bardh\u00eb q\u00eb lidhet n\u00eb dor\u00eb si byzlyk, m\u00eb 1 mars dhe hiqet n\u00eb Dit\u00ebn e Ver\u00ebs, duke e varur n\u00eb deg\u00ebt e pem\u00ebve. Lulet dhe gjelb\u00ebrimi simbolizojn\u00eb rigjall\u00ebrimin e natyr\u00ebs. Ushqimet tradicionale jan\u00eb buk\u00eb misri, arra, vez\u00eb t\u00eb ziera, \u00ebmb\u00eblsira sht\u00ebpie.<\/p>\n<p>Dita e Ver\u00ebs \u00ebsht\u00eb sot nj\u00eb fest\u00eb komb\u00ebtare q\u00eb bashkon shqiptar\u00ebt kudo q\u00eb ndodhen. Ajo mbart mesazhin e g\u00ebzimit, rilindjes dhe lidhjes s\u00eb njeriut me natyr\u00ebn, nj\u00eb trash\u00ebgimi e \u00e7muar kulturore q\u00eb vazhdon t\u00eb jetoj\u00eb me t\u00eb nj\u00ebjtin entuziaz\u00ebm si n\u00eb lasht\u00ebsi.<\/p>\n<p>&nbsp;<\/p>\n","protected":false},"excerpt":{"rendered":"<p>P\u00ebrgatiti: Gladiola Jorbus \u00a0\u00a0\u00a0\u00a0\u00a0\u00a0\u00a0\u00a0\u00a0\u00a0\u00a0\u00a0\u00a0\u00a0\u00a0\u00a0\u00a0\u00a0\u00a0\u00a0\u00a0\u00a0\u00a0\u00a0\u00a0 \u00a0\u00a0\u00a0Dita e Ver\u00ebs \u00a0 \u00a0\u00a0\u00a0Festa pagane shqiptare \u2013 Historia, traditat dhe m\u00ebnyra si festohet Dita e Ver\u00ebs \u00ebsht\u00eb nj\u00eb nga festat m\u00eb t\u00eb vjetra pagane shqiptare, e rr\u00ebnjosur n\u00eb traditat ilire dhe e festuar \u00e7do 14 mars si simbol i ringjalljes s\u00eb natyr\u00ebs dhe ardhjes s\u00eb stin\u00ebs s\u00eb ngroht\u00eb. Ajo mbetet [&hellip;]<\/p>\n","protected":false},"author":3,"featured_media":4097,"comment_status":"open","ping_status":"open","sticky":false,"template":"","format":"standard","meta":{"footnotes":""},"categories":[8],"tags":[],"class_list":["post-4095","post","type-post","status-publish","format-standard","has-post-thumbnail","hentry","category-opinione"],"_links":{"self":[{"href":"https:\/\/migjeni.se\/index.php\/wp-json\/wp\/v2\/posts\/4095","targetHints":{"allow":["GET"]}}],"collection":[{"href":"https:\/\/migjeni.se\/index.php\/wp-json\/wp\/v2\/posts"}],"about":[{"href":"https:\/\/migjeni.se\/index.php\/wp-json\/wp\/v2\/types\/post"}],"author":[{"embeddable":true,"href":"https:\/\/migjeni.se\/index.php\/wp-json\/wp\/v2\/users\/3"}],"replies":[{"embeddable":true,"href":"https:\/\/migjeni.se\/index.php\/wp-json\/wp\/v2\/comments?post=4095"}],"version-history":[{"count":1,"href":"https:\/\/migjeni.se\/index.php\/wp-json\/wp\/v2\/posts\/4095\/revisions"}],"predecessor-version":[{"id":4098,"href":"https:\/\/migjeni.se\/index.php\/wp-json\/wp\/v2\/posts\/4095\/revisions\/4098"}],"wp:featuredmedia":[{"embeddable":true,"href":"https:\/\/migjeni.se\/index.php\/wp-json\/wp\/v2\/media\/4097"}],"wp:attachment":[{"href":"https:\/\/migjeni.se\/index.php\/wp-json\/wp\/v2\/media?parent=4095"}],"wp:term":[{"taxonomy":"category","embeddable":true,"href":"https:\/\/migjeni.se\/index.php\/wp-json\/wp\/v2\/categories?post=4095"},{"taxonomy":"post_tag","embeddable":true,"href":"https:\/\/migjeni.se\/index.php\/wp-json\/wp\/v2\/tags?post=4095"}],"curies":[{"name":"wp","href":"https:\/\/api.w.org\/{rel}","templated":true}]}}