{"id":4142,"date":"2026-04-04T15:51:38","date_gmt":"2026-04-04T14:51:38","guid":{"rendered":"https:\/\/migjeni.se\/?p=4142"},"modified":"2026-04-05T09:36:25","modified_gmt":"2026-04-05T08:36:25","slug":"poezi-nga-albert-habazaj-2","status":"publish","type":"post","link":"https:\/\/migjeni.se\/index.php\/2026\/04\/04\/poezi-nga-albert-habazaj-2\/","title":{"rendered":"Poezi nga Albert HABAZAJ"},"content":{"rendered":"<p>XHEMIL DUKA DHE MANDOLINA E LIRIS\u00cb<\/p>\n<p>Albert HABAZAJ<\/p>\n<p>Rr\u00ebz\u00eb maleve t\u00eb larta t\u00eb Lumit t\u00eb Vlor\u00ebs<br \/>\nPushka dhe pena binjake kan\u00eb qen\u00eb,<br \/>\nDhe bijt\u00eb e Vranishtit si zogjt\u00eb e shqiponj\u00ebs<br \/>\nEm\u00ebr me firm\u00eb n\u00eb histori kan\u00eb l\u00ebn\u00eb.<br \/>\nNga Gurra e Vranishtit e kthjell\u00ebt, e kulluar<br \/>\nJan\u00eb lartuar bredha t\u00eb blert\u00eb, t\u00eb bukur,<br \/>\nNj\u00eb nga ata edhe M\u00ebsuesi i Merituar<br \/>\nMe &amp;quot;syrin n\u00eb belxhik&amp;quot; q\u00eb s&amp;#39; luftoi p\u00ebr t&amp;#39;u dukur.<br \/>\nNga rr\u00ebnja &#8211; fisnik n\u00eb udh\u00ebtimin p\u00ebr drit\u00eb<br \/>\nShndriti p\u00ebr brezat Xhemil Veli Adem Duka,<br \/>\nAjo der\u00eb e bardh\u00eb Plakun e Flamurit ka pritur<br \/>\nN\u00eb at\u00eb der\u00eb bujare komb\u00ebtare qe buka.<br \/>\nDy abetaret e shenjta t\u00eb Ismail Qemalit<br \/>\nMiku i Halim Xhelos dhe Jani Ming\u00ebs<br \/>\nUa m\u00ebsoi Pishtari f\u00ebmij\u00ebve t\u00eb fshatit<br \/>\nMe z\u00eb e shpirt dhe tingujt e mandolin\u00ebs.<br \/>\nAto abetare t\u00eb Naum Veqilharxhit<br \/>\nSa zjarre ndez\u00ebn n\u00eb Lab\u00ebri e Vlor\u00eb,<br \/>\nM\u00ebsuesi n\u00eb \u00e7et\u00ebn e Sali Kapedanit<br \/>\nLuftoi si trimat me arm\u00eb n\u00eb dor\u00eb.<br \/>\nAi q\u00eb prind i dyt\u00eb u b\u00eb p\u00ebr vog\u00eblush\u00ebt,<br \/>\nAi q\u00eb si v\u00eblla i m\u00ebsonte banor\u00ebt e Lumit,<br \/>\nAi q\u00eb si kreshnik n\u00eb zemra ndezi prushe,<br \/>\nQ\u00eb me drit\u00ebn e tij ia preu fuqin\u00eb plumbit.<br \/>\nPara tij Mer\u00e7an Qejvani e Daut Seferi,<br \/>\nDy llambadar\u00eb heroik\u00eb t\u00eb arsimit,<br \/>\nXhemil Duka me shtat\u00eb ngjyrat e ylberit<br \/>\nU shfaq n\u00eb qiellin me vet\u00ebtima t\u00eb Vranishtit.<br \/>\nDhe stafeta e tij kalon nga bredhi n\u00eb bredh<br \/>\nDhe Vranishti me supe n\u00eb mal t\u00eb krenaris\u00eb,<br \/>\n&amp;quot;Do filloj duke menduar&amp;quot; vargje derdh<br \/>\nMe tingujt \u00ebmb\u00ebl t\u00eb mandolin\u00ebs s\u00eb liris\u00eb.<br \/>\nTiran\u00eb, 04.04.2026<\/p>\n","protected":false},"excerpt":{"rendered":"<p>XHEMIL DUKA DHE MANDOLINA E LIRIS\u00cb Albert HABAZAJ Rr\u00ebz\u00eb maleve t\u00eb larta t\u00eb Lumit t\u00eb Vlor\u00ebs Pushka dhe pena binjake kan\u00eb qen\u00eb, Dhe bijt\u00eb e Vranishtit si zogjt\u00eb e shqiponj\u00ebs Em\u00ebr me firm\u00eb n\u00eb histori kan\u00eb l\u00ebn\u00eb. Nga Gurra e Vranishtit e kthjell\u00ebt, e kulluar Jan\u00eb lartuar bredha t\u00eb blert\u00eb, t\u00eb bukur, Nj\u00eb nga ata [&hellip;]<\/p>\n","protected":false},"author":3,"featured_media":2717,"comment_status":"open","ping_status":"open","sticky":false,"template":"","format":"standard","meta":{"footnotes":""},"categories":[10],"tags":[],"class_list":["post-4142","post","type-post","status-publish","format-standard","has-post-thumbnail","hentry","category-poezi"],"_links":{"self":[{"href":"https:\/\/migjeni.se\/index.php\/wp-json\/wp\/v2\/posts\/4142","targetHints":{"allow":["GET"]}}],"collection":[{"href":"https:\/\/migjeni.se\/index.php\/wp-json\/wp\/v2\/posts"}],"about":[{"href":"https:\/\/migjeni.se\/index.php\/wp-json\/wp\/v2\/types\/post"}],"author":[{"embeddable":true,"href":"https:\/\/migjeni.se\/index.php\/wp-json\/wp\/v2\/users\/3"}],"replies":[{"embeddable":true,"href":"https:\/\/migjeni.se\/index.php\/wp-json\/wp\/v2\/comments?post=4142"}],"version-history":[{"count":1,"href":"https:\/\/migjeni.se\/index.php\/wp-json\/wp\/v2\/posts\/4142\/revisions"}],"predecessor-version":[{"id":4143,"href":"https:\/\/migjeni.se\/index.php\/wp-json\/wp\/v2\/posts\/4142\/revisions\/4143"}],"wp:featuredmedia":[{"embeddable":true,"href":"https:\/\/migjeni.se\/index.php\/wp-json\/wp\/v2\/media\/2717"}],"wp:attachment":[{"href":"https:\/\/migjeni.se\/index.php\/wp-json\/wp\/v2\/media?parent=4142"}],"wp:term":[{"taxonomy":"category","embeddable":true,"href":"https:\/\/migjeni.se\/index.php\/wp-json\/wp\/v2\/categories?post=4142"},{"taxonomy":"post_tag","embeddable":true,"href":"https:\/\/migjeni.se\/index.php\/wp-json\/wp\/v2\/tags?post=4142"}],"curies":[{"name":"wp","href":"https:\/\/api.w.org\/{rel}","templated":true}]}}