{"id":4189,"date":"2026-04-24T19:46:31","date_gmt":"2026-04-24T18:46:31","guid":{"rendered":"https:\/\/migjeni.se\/?p=4189"},"modified":"2026-04-24T19:46:34","modified_gmt":"2026-04-24T18:46:34","slug":"caste-peotike-me-albert-habazaj","status":"publish","type":"post","link":"https:\/\/migjeni.se\/index.php\/2026\/04\/24\/caste-peotike-me-albert-habazaj\/","title":{"rendered":"Caste peotike me Albert HABAZAJ"},"content":{"rendered":"<p>TAKOVA ROBERT GORON<\/p>\n<p>Albert HABAZAJ<\/p>\n<p>N\u00eb Skel\u00eb p\u00ebrhumbur ecja, si i pa orientuar<br \/>\nNj\u00eb z\u00eb m\u00eb foli n\u00eb em\u00ebr, si kumbim Joni,<br \/>\nKy z\u00eb n\u00eb kujtes\u00eb me diell qe regjistruar,<br \/>\nMe diellin e 40 viteve q\u00eb s&amp;#39;ishim par\u00eb m\u00eb foli.<br \/>\nSikur 40 \u00ebngj\u00ebj m&amp;#39;u ul\u00ebn mbi supet e r\u00ebna<br \/>\nM\u00eb fal\u00ebn hoje t\u00eb \u00ebmbla nga shpirti i past\u00ebr,<br \/>\nNga gurrat e shpirtit buroi vargu dhe k\u00ebnga<br \/>\nPeneli me motive i djalit t\u00eb Bregut t\u00eb kalt\u00ebr.<br \/>\nShpirti i d\u00eblir\u00eb, i but\u00eb i idealistit<br \/>\nQ\u00eb s&amp;#39;b\u00ebri grata\u00e7ele, po ndezi llamba drite,<br \/>\nP\u00ebr t\u00eb tjer\u00ebt pranoi e sfidoi fatin e Sizifit<br \/>\nMiliona mir\u00ebsi mbolli p\u00ebr tan\u00ebt, n\u00eb qytet\u00ebrimpritje&#8230;<br \/>\nNuk \u00ebsht\u00eb Prometeu ky q\u00eb takova, jo,<br \/>\nNj\u00eb djal\u00eb Himare \u00ebsht\u00eb, q\u00eb fjal\u00ebn mjalt\u00eb e ka,<br \/>\nN\u00eb kafe u ul\u00ebm me adashin, t\u00eb malluar domosdo<br \/>\n40 vjet pa takuar kujtesa na i dha n\u00eb tabaka.<br \/>\nSikur dhe zanat e malit tok me sirenat e detit<br \/>\nT\u00eb m\u00eb vinin, s&amp;#39;ma jepnin dot g\u00ebzimin e atij \u00e7asti,<br \/>\nLastar i qeshur dikur, Potam sinqeriteti<br \/>\nSot tribun\u00eb humane, me fisnik\u00ebri t\u00eb bukur, si i ati.<br \/>\nVlor\u00eb, 22 Prill 2026<\/p>\n","protected":false},"excerpt":{"rendered":"<p>TAKOVA ROBERT GORON Albert HABAZAJ N\u00eb Skel\u00eb p\u00ebrhumbur ecja, si i pa orientuar Nj\u00eb z\u00eb m\u00eb foli n\u00eb em\u00ebr, si kumbim Joni, Ky z\u00eb n\u00eb kujtes\u00eb me diell qe regjistruar, Me diellin e 40 viteve q\u00eb s&amp;#39;ishim par\u00eb m\u00eb foli. Sikur 40 \u00ebngj\u00ebj m&amp;#39;u ul\u00ebn mbi supet e r\u00ebna M\u00eb fal\u00ebn hoje t\u00eb \u00ebmbla nga [&hellip;]<\/p>\n","protected":false},"author":3,"featured_media":3180,"comment_status":"open","ping_status":"open","sticky":false,"template":"","format":"standard","meta":{"footnotes":""},"categories":[10],"tags":[],"class_list":["post-4189","post","type-post","status-publish","format-standard","has-post-thumbnail","hentry","category-poezi"],"_links":{"self":[{"href":"https:\/\/migjeni.se\/index.php\/wp-json\/wp\/v2\/posts\/4189","targetHints":{"allow":["GET"]}}],"collection":[{"href":"https:\/\/migjeni.se\/index.php\/wp-json\/wp\/v2\/posts"}],"about":[{"href":"https:\/\/migjeni.se\/index.php\/wp-json\/wp\/v2\/types\/post"}],"author":[{"embeddable":true,"href":"https:\/\/migjeni.se\/index.php\/wp-json\/wp\/v2\/users\/3"}],"replies":[{"embeddable":true,"href":"https:\/\/migjeni.se\/index.php\/wp-json\/wp\/v2\/comments?post=4189"}],"version-history":[{"count":1,"href":"https:\/\/migjeni.se\/index.php\/wp-json\/wp\/v2\/posts\/4189\/revisions"}],"predecessor-version":[{"id":4190,"href":"https:\/\/migjeni.se\/index.php\/wp-json\/wp\/v2\/posts\/4189\/revisions\/4190"}],"wp:featuredmedia":[{"embeddable":true,"href":"https:\/\/migjeni.se\/index.php\/wp-json\/wp\/v2\/media\/3180"}],"wp:attachment":[{"href":"https:\/\/migjeni.se\/index.php\/wp-json\/wp\/v2\/media?parent=4189"}],"wp:term":[{"taxonomy":"category","embeddable":true,"href":"https:\/\/migjeni.se\/index.php\/wp-json\/wp\/v2\/categories?post=4189"},{"taxonomy":"post_tag","embeddable":true,"href":"https:\/\/migjeni.se\/index.php\/wp-json\/wp\/v2\/tags?post=4189"}],"curies":[{"name":"wp","href":"https:\/\/api.w.org\/{rel}","templated":true}]}}