{"id":4192,"date":"2026-04-29T12:29:59","date_gmt":"2026-04-29T11:29:59","guid":{"rendered":"https:\/\/migjeni.se\/?p=4192"},"modified":"2026-04-29T12:30:05","modified_gmt":"2026-04-29T11:30:05","slug":"pasdite-poetike-me-elvira-zeneli-2","status":"publish","type":"post","link":"https:\/\/migjeni.se\/index.php\/2026\/04\/29\/pasdite-poetike-me-elvira-zeneli-2\/","title":{"rendered":"Pasdite poetike me Elvira Zeneli"},"content":{"rendered":"<p>Elvira Zeneli<\/p>\n<p>Frym\u00eb p\u00ebr t\u00eb Dy<\/p>\n<p>Nj\u00eb mal me vargje shkruaj p\u00ebr ty,<br \/>\np\u00ebr kujtimet q\u00eb treten n\u00eb harres\u00eb,<br \/>\np\u00ebr qerpik\u00ebt q\u00eb dridhen leht\u00eb mbi sy,<br \/>\nkur puthja jon\u00eb zgjon \u00e7do m\u00ebngjes.<\/p>\n<p>M\u00eb fal buz\u00ebt, ku puthja merr zjarr,<br \/>\nt\u00eb ndizet flak\u00eb n\u00eb shpirtin tim,<br \/>\nt\u00eb humbas n\u00eb puthjen e par\u00eb,<br \/>\ndhe koha t\u00eb ndalet n\u00eb nj\u00eb v\u00ebshtrim.<\/p>\n<p>N\u00eb zemr\u00ebn time gjej strehim,<br \/>\nsi nj\u00eb lule q\u00eb \u00e7el n\u00eb blerim,<br \/>\naty ku rreh nj\u00eb bot\u00eb pa mbarim,<br \/>\nq\u00eb t\u00eb vegoj\u00eb p\u00ebrher\u00eb dashurin\u00eb.<\/p>\n<p>P\u00ebrmbi sy, si drit\u00eb neoni,<br \/>\n\u00e7do mall te mua tretet ngadal\u00eb,<br \/>\nsi n\u00eb nj\u00eb gjum\u00eb t\u00eb thell\u00eb e t\u00eb vetmuar,<br \/>\nkur ti m\u00eb vjen si \u00ebnd\u00ebrr e rrall\u00eb.<\/p>\n<p>Si h\u00ebn\u00eb e but\u00eb mbi nat\u00ebn time,<br \/>\nndri\u00e7o shpirtin tim pa kthime,<br \/>\nq\u00eb dora jote n\u00eb timen t\u00eb mbetet,<br \/>\nn\u00eb nj\u00eb udh\u00eb q\u00eb ve\u00e7 dashuri flet.<\/p>\n<p>Un\u00eb jam telajo e heshtur n\u00eb hije,<br \/>\nti je piktori q\u00eb m\u00eb jep jet\u00eb,<br \/>\nle ta lindim bot\u00ebn nga ngjyrat e shpirtit,<br \/>\nn\u00eb nj\u00eb univers q\u00eb buz\u00ebqesh i qet\u00eb.<\/p>\n<p>Sot m\u00eb shijon \u00ebmb\u00eblsia jote,<br \/>\nnes\u00ebr \u00e7\u2019t\u00eb vij\u00eb, ta kemi mir\u00ebsi,<br \/>\nsi nj\u00eb lule q\u00eb \u00e7el n\u00eb pranver\u00eb,<br \/>\ne brisht\u00eb, por plot jet\u00eb e dashuri.<\/p>\n<p>N\u00eb buz\u00ebt e tua digjet nj\u00eb ver\u00eb,<br \/>\nnga nj\u00eb puthje q\u00eb merr flak\u00eb,<br \/>\ne kuqe si zjarr q\u00eb s\u2019di t\u00eb shter\u00eb,<br \/>\nsi ar i shkrir\u00eb n\u00eb shpirt m\u00eb mbart.<\/p>\n<p>Dua t\u00eb ndjej ritmin t\u00ebnd tek mua,<br \/>\nsi lum\u00eb q\u00eb rrjedh pa u ndalur n\u00eb sy,<br \/>\nbashk\u00eb t\u00eb humbasim n\u00eb k\u00ebt\u00eb rrjedh\u00eb,<br \/>\nku dashuria b\u00ebhet frym\u00eb p\u00ebr t\u00eb dy.<\/p>\n<p>O shpirt i gjetur n\u00eb thell\u00ebsi,<br \/>\nq\u00eb ndez hijet e gjumit n\u00eb nj\u00eb flak\u00eb,<br \/>\nku psher\u00ebtin e shuar hapi i \u00ebndrr\u00ebs,<br \/>\nn\u00eb nj\u00eb dashuri t\u00eb v\u00ebrtet\u00eb p\u00ebrv\u00eblimtare.<\/p>\n","protected":false},"excerpt":{"rendered":"<p>Elvira Zeneli Frym\u00eb p\u00ebr t\u00eb Dy Nj\u00eb mal me vargje shkruaj p\u00ebr ty, p\u00ebr kujtimet q\u00eb treten n\u00eb harres\u00eb, p\u00ebr qerpik\u00ebt q\u00eb dridhen leht\u00eb mbi sy, kur puthja jon\u00eb zgjon \u00e7do m\u00ebngjes. M\u00eb fal buz\u00ebt, ku puthja merr zjarr, t\u00eb ndizet flak\u00eb n\u00eb shpirtin tim, t\u00eb humbas n\u00eb puthjen e par\u00eb, dhe koha t\u00eb ndalet [&hellip;]<\/p>\n","protected":false},"author":3,"featured_media":4193,"comment_status":"open","ping_status":"open","sticky":false,"template":"","format":"standard","meta":{"footnotes":""},"categories":[10],"tags":[],"class_list":["post-4192","post","type-post","status-publish","format-standard","has-post-thumbnail","hentry","category-poezi"],"_links":{"self":[{"href":"https:\/\/migjeni.se\/index.php\/wp-json\/wp\/v2\/posts\/4192","targetHints":{"allow":["GET"]}}],"collection":[{"href":"https:\/\/migjeni.se\/index.php\/wp-json\/wp\/v2\/posts"}],"about":[{"href":"https:\/\/migjeni.se\/index.php\/wp-json\/wp\/v2\/types\/post"}],"author":[{"embeddable":true,"href":"https:\/\/migjeni.se\/index.php\/wp-json\/wp\/v2\/users\/3"}],"replies":[{"embeddable":true,"href":"https:\/\/migjeni.se\/index.php\/wp-json\/wp\/v2\/comments?post=4192"}],"version-history":[{"count":1,"href":"https:\/\/migjeni.se\/index.php\/wp-json\/wp\/v2\/posts\/4192\/revisions"}],"predecessor-version":[{"id":4194,"href":"https:\/\/migjeni.se\/index.php\/wp-json\/wp\/v2\/posts\/4192\/revisions\/4194"}],"wp:featuredmedia":[{"embeddable":true,"href":"https:\/\/migjeni.se\/index.php\/wp-json\/wp\/v2\/media\/4193"}],"wp:attachment":[{"href":"https:\/\/migjeni.se\/index.php\/wp-json\/wp\/v2\/media?parent=4192"}],"wp:term":[{"taxonomy":"category","embeddable":true,"href":"https:\/\/migjeni.se\/index.php\/wp-json\/wp\/v2\/categories?post=4192"},{"taxonomy":"post_tag","embeddable":true,"href":"https:\/\/migjeni.se\/index.php\/wp-json\/wp\/v2\/tags?post=4192"}],"curies":[{"name":"wp","href":"https:\/\/api.w.org\/{rel}","templated":true}]}}