{"id":4203,"date":"2026-05-03T11:22:41","date_gmt":"2026-05-03T10:22:41","guid":{"rendered":"https:\/\/migjeni.se\/?p=4203"},"modified":"2026-05-03T11:22:41","modified_gmt":"2026-05-03T10:22:41","slug":"e-diela-poetike-me-mirushe-h-musa","status":"publish","type":"post","link":"https:\/\/migjeni.se\/index.php\/2026\/05\/03\/e-diela-poetike-me-mirushe-h-musa\/","title":{"rendered":"E diela poetike me Mirushe H.Musa"},"content":{"rendered":"<p>Mirushe H.Musa<\/p>\n<p>N\u00eb shtratin e Vargjeve<\/p>\n<p>Sa her\u00eb shpalos kujtimet koh\u00ebrave t\u00eb vjetra,<br \/>\nH\u00ebna bie n\u00eb gjum\u00eb, m\u00eb l\u00eb nga nj\u00eb sekret.<br \/>\nZemra n\u00eb kraharor dridhet si kitar\u00eb pa tela.<br \/>\nN\u00eb korniz\u00ebn e fotografis\u00eb ti nis e buz\u00ebqesh.<\/p>\n<p>Mbremjeve, kur qyteti fle, bie n\u00eb qet\u00ebsi,<br \/>\nShiu p\u00ebrk\u00ebdhel hapat q\u00eb bashk\u00eb i lam\u00eb.<br \/>\nKoha m\u00eb kthen mbrapa n\u00eb at\u00eb vall\u00ebzim je ti,<br \/>\nN\u00ebn qiellin q\u00eb flak\u00ebronte si nj\u00eb vullkan.<\/p>\n<p>Kur rrezet e agimit puthin val\u00ebn e lumit,<br \/>\nMe \u00e7ojn\u00eb te shk\u00ebmbi i vjet\u00ebr, ti je ulur ,<br \/>\nKur ndizen rrufet\u00eb, shiu bie me zhurm\u00eb,<br \/>\nUdh\u00ebve ndjej hapat tu dhe shoh gjurm\u00eb.<\/p>\n<p>M\u00eb hapen portat e shpirtit si harmonik\u00eb,<br \/>\nDor\u00ebn e v\u00eb ne kraharor p\u00ebr nj\u00eb moment.<br \/>\nTi zgjohesh mendimeve t\u00eb mia ec\u00ebn e shetit,<br \/>\nDhe mbishkrimeve q\u00eb lam\u00eb si testament.<\/p>\n<p>Sa here preku tastet e bardha t\u00eb pianos,<br \/>\nFillon ai tingulli i leht\u00eb n\u00eb pentagram.<br \/>\nKujtoj buz\u00ebqeshjet tua t\u00eb mbremjes,<br \/>\nDhe shiun q\u00eb pikturonte di\u00e7ka n\u00eb xham .<\/p>\n<p>Nuk te braktisa kurr\u00eb ,premtimin e mbajta<br \/>\nAshtu si t\u00eb thash ,n\u00ebn kraharor ke vend.<br \/>\nShtratin e dashuris\u00eb me vargje t\u00eb shtrova,<br \/>\nSa e sa her\u00eb e qendisa rimave me pen\u00eb.<\/p>\n","protected":false},"excerpt":{"rendered":"<p>Mirushe H.Musa N\u00eb shtratin e Vargjeve Sa her\u00eb shpalos kujtimet koh\u00ebrave t\u00eb vjetra, H\u00ebna bie n\u00eb gjum\u00eb, m\u00eb l\u00eb nga nj\u00eb sekret. Zemra n\u00eb kraharor dridhet si kitar\u00eb pa tela. N\u00eb korniz\u00ebn e fotografis\u00eb ti nis e buz\u00ebqesh. Mbremjeve, kur qyteti fle, bie n\u00eb qet\u00ebsi, Shiu p\u00ebrk\u00ebdhel hapat q\u00eb bashk\u00eb i lam\u00eb. Koha m\u00eb kthen [&hellip;]<\/p>\n","protected":false},"author":3,"featured_media":4204,"comment_status":"open","ping_status":"open","sticky":false,"template":"","format":"standard","meta":{"footnotes":""},"categories":[10],"tags":[],"class_list":["post-4203","post","type-post","status-publish","format-standard","has-post-thumbnail","hentry","category-poezi"],"_links":{"self":[{"href":"https:\/\/migjeni.se\/index.php\/wp-json\/wp\/v2\/posts\/4203","targetHints":{"allow":["GET"]}}],"collection":[{"href":"https:\/\/migjeni.se\/index.php\/wp-json\/wp\/v2\/posts"}],"about":[{"href":"https:\/\/migjeni.se\/index.php\/wp-json\/wp\/v2\/types\/post"}],"author":[{"embeddable":true,"href":"https:\/\/migjeni.se\/index.php\/wp-json\/wp\/v2\/users\/3"}],"replies":[{"embeddable":true,"href":"https:\/\/migjeni.se\/index.php\/wp-json\/wp\/v2\/comments?post=4203"}],"version-history":[{"count":1,"href":"https:\/\/migjeni.se\/index.php\/wp-json\/wp\/v2\/posts\/4203\/revisions"}],"predecessor-version":[{"id":4205,"href":"https:\/\/migjeni.se\/index.php\/wp-json\/wp\/v2\/posts\/4203\/revisions\/4205"}],"wp:featuredmedia":[{"embeddable":true,"href":"https:\/\/migjeni.se\/index.php\/wp-json\/wp\/v2\/media\/4204"}],"wp:attachment":[{"href":"https:\/\/migjeni.se\/index.php\/wp-json\/wp\/v2\/media?parent=4203"}],"wp:term":[{"taxonomy":"category","embeddable":true,"href":"https:\/\/migjeni.se\/index.php\/wp-json\/wp\/v2\/categories?post=4203"},{"taxonomy":"post_tag","embeddable":true,"href":"https:\/\/migjeni.se\/index.php\/wp-json\/wp\/v2\/tags?post=4203"}],"curies":[{"name":"wp","href":"https:\/\/api.w.org\/{rel}","templated":true}]}}